{"id":17757,"date":"2020-09-18T16:40:54","date_gmt":"2020-09-18T21:40:54","guid":{"rendered":"http:\/\/www.zonaroja.com.mx\/?p=17757"},"modified":"2020-09-18T16:40:58","modified_gmt":"2020-09-18T21:40:58","slug":"ambientalista-critican-falta-de-mantenimiento-en-el-arbolado-de-la-capital-de-oaxaca","status":"publish","type":"post","link":"https:\/\/zonaroja.com.mx\/?p=17757","title":{"rendered":"Ambientalista critican falta de mantenimiento en el arbolado de la capital de Oaxaca"},"content":{"rendered":"\n<p>Evlin Arag\u00f3n\/Zona Roja.<\/p>\n\n\n\n<p>Oaxaca de Ju\u00e1rez, Oax., 18 de septiembre de 2020.- Tras la reciente ca\u00edda de dos ic\u00f3nicos \u00e1rboles en el z\u00f3calo de la ciudad, ambientalistas reprocharon el abandono del arbolado por parte de las autoridades municipales, quienes pese a las constantes denuncias y llamados de la ciudadan\u00eda han hecho caso omiso al respecto.&nbsp;<\/p>\n\n\n\n<p>As\u00ed lo dio a conocer Jorge Luis Cruz Alvarado, presidente de la asociaci\u00f3n civil \u201cOaxaca F\u00e9rtil\u201d, quien detall\u00f3 que la falta de un plan de cuidado para el arbolado en la ciudad ha ocasionado que todos los parques y jardines de la capital se encuentran en riesgo.&nbsp;<\/p>\n\n\n\n<p>\u201cEn el z\u00f3calo todos los \u00e1rboles est\u00e1n en peligro de caer porque las acciones realizadas por las autoridades no han sido para ayudar al \u00e1rbol, todo lo contrario, el constante cambio de plantas en las jardineras ha sido contraproducente, ya que ha potenciado la existencia de plagas y hongos\u201d, dijo en conferencia de prensa.&nbsp;<\/p>\n\n\n\n<p>Cruz Alvarado explic\u00f3 que las acciones realizadas hasta este momento por las autoridades se han hecho sin el apoyo de un asesor especializado que conozca la problem\u00e1tica que presenta el arbolado, desde plagas, hongos y otras enfermedades a la que se puede enfrentan, as\u00ed mismo el da\u00f1o que actualmente tiene la tierra que ya no cuenta con nutrientes y que ocasiona el debilitamiento de los ejemplares.&nbsp;<\/p>\n\n\n\n<p>As\u00ed mismo, manifest\u00f3 la imperiosa necesidad de contar con un jard\u00edn sustentable y permanente que permita a los \u00e1rboles la oportunidad de echar ra\u00edces y obtener lo necesario para sobrevivir, a la par de dejar de hacer cambios por temporadas en las jardineras sin la supervisi\u00f3n t\u00e9cnica, de lo contrario la problem\u00e1tica ira en incremento lejos de resarcirla.\u00a0<\/p>\n\n\n\n<figure class=\"wp-block-embed-twitter wp-block-embed is-type-rich is-provider-twitter\"><div class=\"wp-block-embed__wrapper\">\n<div class=\"twitter-tweet\"><blockquote class=\"twitter-tweet\" data-lang=\"es\"><p lang=\"es\" dir=\"ltr\"><a href=\"https:\/\/twitter.com\/hashtag\/ENVIVO?src=hash&amp;ref_src=twsrc%5Etfw\">#ENVIVO<\/a><br>Oaxaca de Ju\u00e1rez, Oax., 18 de septiembre de 2020.- Conferencia de prensa del arborista Jorge Luis Alvarado sobre la ca\u00edda del laurel en el z\u00f3calo capitalino.<br><br>Aqu\u00ed la transmisi\u00f3n:<br>\ud83d\udc47<a href=\"https:\/\/t.co\/DuHgR8mKDi\">https:\/\/t.co\/DuHgR8mKDi<\/a> <a href=\"https:\/\/t.co\/rDUQXgPvxX\">pic.twitter.com\/rDUQXgPvxX<\/a><\/p>&mdash; Zona Roja Oaxaca (@MexRoja) <a href=\"https:\/\/twitter.com\/MexRoja\/status\/1307021112895705088?ref_src=twsrc%5Etfw\">18 de septiembre de 2020<\/a><\/blockquote><\/div>\n<\/div><\/figure>\n\n\n\n<p>Detall\u00f3 que los dos ejemplares que se cayeron recientemente no han sido los \u00fanicos, tambi\u00e9n en los parques de San Francisco, Morelos, Paseo Ju\u00e1rez \u201cEl Llano\u201d, ya se han registrado casos que no han sido atendidos por las autoridades capitalinas, pese a las denuncias realizadas.&nbsp;<\/p>\n\n\n\n<p>Y es que el arbolado en la ciudad se encuentra infectado de plagas, la tierra est\u00e1 llena de hongos y empobrecida, sin nutrientes suficientes para mantener en pie a los \u00e1rboles, por lo que es necesaria una desinfecci\u00f3n adecuada para evitar que m\u00e1s ejemplares terminen de forma abrupta su ciclo de vida.<\/p>\n\n\n\n<p>Insisti\u00f3 en la necesidad de que el cuidado del arbolado lo realice personal especializado, a la par que record\u00f3 como parte del proyecto \u201cOx\u00edgeno\u201d presentado por un grupo de ambientalistas oaxaque\u00f1os se propuso un plan de mantenimiento que incluye la poda inteligente, el saneamiento y la instalaci\u00f3n de un jard\u00edn sustentable.&nbsp;<\/p>\n\n\n\n<p>Finalmente, manifest\u00f3 que, de no tomarse en serio la situaci\u00f3n todo el arbolado de la ciudad se encuentra en riesgo, al igual que la poblaci\u00f3n ya que con la ca\u00edda del ejemplar este jueves por la noche, dos personas resultaron heridas.&nbsp;<\/p>\n","protected":false},"excerpt":{"rendered":"<p>Evlin Arag\u00f3n\/Zona Roja. Oaxaca de Ju\u00e1rez, Oax., 18 de septiembre de 2020.- Tras la reciente&hellip;<\/p>\n","protected":false},"author":2,"featured_media":17758,"comment_status":"closed","ping_status":"open","sticky":false,"template":"","format":"standard","meta":{"_lmt_disableupdate":"","_lmt_disable":"","_jetpack_memberships_contains_paid_content":false,"footnotes":""},"categories":[109,47],"tags":[2025,2026],"class_list":["post-17757","post","type-post","status-publish","format-standard","has-post-thumbnail","hentry","category-minuto-a-minuto","category-zona-gris","tag-cae-laurel-zocalo-oaxaca","tag-jorge-luis-cruz-alvarado"],"jetpack_featured_media_url":"https:\/\/zonaroja.com.mx\/wp-content\/uploads\/2020\/09\/Arborista-Jorge-Luis-Alvarado.jpg","jetpack_sharing_enabled":true,"_links":{"self":[{"href":"https:\/\/zonaroja.com.mx\/index.php?rest_route=\/wp\/v2\/posts\/17757","targetHints":{"allow":["GET"]}}],"collection":[{"href":"https:\/\/zonaroja.com.mx\/index.php?rest_route=\/wp\/v2\/posts"}],"about":[{"href":"https:\/\/zonaroja.com.mx\/index.php?rest_route=\/wp\/v2\/types\/post"}],"author":[{"embeddable":true,"href":"https:\/\/zonaroja.com.mx\/index.php?rest_route=\/wp\/v2\/users\/2"}],"replies":[{"embeddable":true,"href":"https:\/\/zonaroja.com.mx\/index.php?rest_route=%2Fwp%2Fv2%2Fcomments&post=17757"}],"version-history":[{"count":1,"href":"https:\/\/zonaroja.com.mx\/index.php?rest_route=\/wp\/v2\/posts\/17757\/revisions"}],"predecessor-version":[{"id":17759,"href":"https:\/\/zonaroja.com.mx\/index.php?rest_route=\/wp\/v2\/posts\/17757\/revisions\/17759"}],"wp:featuredmedia":[{"embeddable":true,"href":"https:\/\/zonaroja.com.mx\/index.php?rest_route=\/wp\/v2\/media\/17758"}],"wp:attachment":[{"href":"https:\/\/zonaroja.com.mx\/index.php?rest_route=%2Fwp%2Fv2%2Fmedia&parent=17757"}],"wp:term":[{"taxonomy":"category","embeddable":true,"href":"https:\/\/zonaroja.com.mx\/index.php?rest_route=%2Fwp%2Fv2%2Fcategories&post=17757"},{"taxonomy":"post_tag","embeddable":true,"href":"https:\/\/zonaroja.com.mx\/index.php?rest_route=%2Fwp%2Fv2%2Ftags&post=17757"}],"curies":[{"name":"wp","href":"https:\/\/api.w.org\/{rel}","templated":true}]}}