{"id":1776,"date":"2019-06-23T13:27:14","date_gmt":"2019-06-23T18:27:14","guid":{"rendered":"http:\/\/www.zonaroja.com.mx\/?p=1776"},"modified":"2019-06-23T13:27:16","modified_gmt":"2019-06-23T18:27:16","slug":"guerraguetza-se-intensifica-mas-enojos-en-zoquitlan-y-san-antonino","status":"publish","type":"post","link":"https:\/\/zonaroja.com.mx\/?p=1776","title":{"rendered":"\u201cGuerraguetza\u201d se intensifica; m\u00e1s enojos, en Zoquitl\u00e1n y San Antonino"},"content":{"rendered":"\n<p>Ismael\nGarc\u00eda M.<\/p>\n\n\n\n<p>Oaxaca de\nJu\u00e1rez, Oax., 23 de junio de 2019.- Las inconformidades en contra del Gobierno\ndel Estado, a trav\u00e9s del Comit\u00e9 de Autenticidad, por exclusi\u00f3n de delegaciones\nen la Guelaguetza 2019, se intensifica, a menos de un mes de las fiestas.<\/p>\n\n\n\n<p>Adem\u00e1s de\nlas quejas de Tlacolula de Matamoros, Juchit\u00e1n de Zaragoza, Santo Domingo\nTehuantepec y San Melchor Betaza, ahora se suman Santa Mar\u00eda Zoquitl\u00e1n y San\nAntonino Castillo Velasco.<\/p>\n\n\n\n<p>Este lunes,\nautoridades de este \u00faltimo municipio, perteneciente al distrito de Ocotl\u00e1n,\nhar\u00e1n p\u00fablica su queja por no haber sido tomados en cuenta para las fiestas de\neste a\u00f1o.<\/p>\n\n\n\n<p>Ello a pesar\nde que pr\u00e1cticamente cada a\u00f1o han participado con sus ofrendas, m\u00fasica, folclor\ny bailables.<\/p>\n\n\n\n<p>Mientras\ntanto, en d\u00edas pasados, Santa Mar\u00eda Zoquitl\u00e1n, municipio del distrito de\nTlacolula, emiti\u00f3 una carta p\u00fablica en contra de San Carlos Yautepec, quien\ntomar\u00e1 parte de las fiestas de los Lunes del Cerro.<\/p>\n\n\n\n<p>Lo anterior\nporque considera que su participaci\u00f3n ser\u00e1 utilizada pol\u00edticamente en el marco\ndel proceso electoral, por parte del presidente municipal, \u201cquien act\u00faa\nirresponsablemente en contra de la paz en la regi\u00f3n\u201d.<\/p>\n\n\n\n<p>Asimismo,\ndebido a que no se ha tomado en cuenta la riqueza cultural de los zoquitecos.<\/p>\n\n\n\n<p>\u201cEs\nnecesario que exista justicia que restaure la paz, por ello emplazamos al\npresidente municipal de San Carlos Yautepec a reconocer p\u00fablicamente los\ns\u00edmbolos culturales de Zoquitl\u00e1n que est\u00e1n transgredidos en su iniciativa a\npresentarse en la Guelaguetza 2019\u201d.<\/p>\n","protected":false},"excerpt":{"rendered":"<p>Ismael Garc\u00eda M. Oaxaca de Ju\u00e1rez, Oax., 23 de junio de 2019.- Las inconformidades en&hellip;<\/p>\n","protected":false},"author":2,"featured_media":1777,"comment_status":"closed","ping_status":"open","sticky":false,"template":"","format":"standard","meta":{"_lmt_disableupdate":"","_lmt_disable":"","_jetpack_memberships_contains_paid_content":false,"footnotes":""},"categories":[109,47],"tags":[199,122,200,201],"class_list":["post-1776","post","type-post","status-publish","format-standard","has-post-thumbnail","hentry","category-minuto-a-minuto","category-zona-gris","tag-comite-de-autenticidad","tag-guelaguetza","tag-san-antonino-castillo-velasco","tag-santa-maria-zoquitlan"],"jetpack_featured_media_url":"https:\/\/zonaroja.com.mx\/wp-content\/uploads\/2019\/06\/Guelaguetza.jpg","jetpack_sharing_enabled":true,"_links":{"self":[{"href":"https:\/\/zonaroja.com.mx\/index.php?rest_route=\/wp\/v2\/posts\/1776","targetHints":{"allow":["GET"]}}],"collection":[{"href":"https:\/\/zonaroja.com.mx\/index.php?rest_route=\/wp\/v2\/posts"}],"about":[{"href":"https:\/\/zonaroja.com.mx\/index.php?rest_route=\/wp\/v2\/types\/post"}],"author":[{"embeddable":true,"href":"https:\/\/zonaroja.com.mx\/index.php?rest_route=\/wp\/v2\/users\/2"}],"replies":[{"embeddable":true,"href":"https:\/\/zonaroja.com.mx\/index.php?rest_route=%2Fwp%2Fv2%2Fcomments&post=1776"}],"version-history":[{"count":1,"href":"https:\/\/zonaroja.com.mx\/index.php?rest_route=\/wp\/v2\/posts\/1776\/revisions"}],"predecessor-version":[{"id":1778,"href":"https:\/\/zonaroja.com.mx\/index.php?rest_route=\/wp\/v2\/posts\/1776\/revisions\/1778"}],"wp:featuredmedia":[{"embeddable":true,"href":"https:\/\/zonaroja.com.mx\/index.php?rest_route=\/wp\/v2\/media\/1777"}],"wp:attachment":[{"href":"https:\/\/zonaroja.com.mx\/index.php?rest_route=%2Fwp%2Fv2%2Fmedia&parent=1776"}],"wp:term":[{"taxonomy":"category","embeddable":true,"href":"https:\/\/zonaroja.com.mx\/index.php?rest_route=%2Fwp%2Fv2%2Fcategories&post=1776"},{"taxonomy":"post_tag","embeddable":true,"href":"https:\/\/zonaroja.com.mx\/index.php?rest_route=%2Fwp%2Fv2%2Ftags&post=1776"}],"curies":[{"name":"wp","href":"https:\/\/api.w.org\/{rel}","templated":true}]}}