{"id":17760,"date":"2020-09-18T18:56:05","date_gmt":"2020-09-18T23:56:05","guid":{"rendered":"http:\/\/www.zonaroja.com.mx\/?p=17760"},"modified":"2020-09-18T20:38:29","modified_gmt":"2020-09-19T01:38:29","slug":"anuncia-fundacion-alfredo-harp-que-intentaran-resembrar-laurel-derribado","status":"publish","type":"post","link":"https:\/\/zonaroja.com.mx\/?p=17760","title":{"rendered":"Anuncia Fundaci\u00f3n Alfredo Harp que intentar\u00e1n resembrar laurel derribado"},"content":{"rendered":"\n<p>Evlin Arag\u00f3n\/Zona Roja.<\/p>\n\n\n\n<p>Oaxaca de Ju\u00e1rez, Oax., 18 de septiembre de 2020.- Con amplia experiencia en el manejo forestal y ahora como representante de la Fundaci\u00f3n Alfredo Harp Hel\u00fa en su vertiente de cuidado al medio ambiente, Felix Pi\u00f1eiro M\u00e1rquez asegur\u00f3 que el \u00e1rbol que se cay\u00f3 este jueves en el z\u00f3calo de la ciudad de Oaxaca se puede rescatar y resembrar, siempre y cuando exista una pronta actuaci\u00f3n por parte de las autoridades correspondientes.\u00a0\u00a0<\/p>\n\n\n\n<p>Y es que refiri\u00f3 que el ejemplar en cuesti\u00f3n no cuenta con alg\u00fan tipo de hongo, sino que le gan\u00f3 el peso ante los fuertes vientos que se registraron en la capital por la temporada de lluvia, y debido a que no recibi\u00f3 una poda de equilibrio que le permitiera mantenerse en pie.&nbsp;&nbsp;<\/p>\n\n\n\n<p>\u201cVale la pena, vamos a intentarlo. Ya hicimos la propuesta que s\u00ed se puede y vamos a hacer el intento. Este \u00e1rbol vale la pena, hacer lo \u00faltimo para sostenerlo\u201d, dijo a la par que asegur\u00f3 se encuentran a la espera de las autoridades municipales.<\/p>\n\n\n\n<p>El especialista indic\u00f3 que existe un total riesgo de que suceda lo mismo con otros ejemplares, ya que todos padecen el descuido de m\u00e1s de 15 a\u00f1os por parte de las autoridades, que en los \u00faltimos cinco trienos no han implementado acciones de cuidado al arbolado.&nbsp;&nbsp;&nbsp;<\/p>\n\n\n\n<p>\u201cEstamos preocupados y aportando todo el conocimiento que tenemos, pero tambi\u00e9n necesitamos de la participaci\u00f3n de la instancias normativas y responsables para que se realice una propuesta seria que reduzca el riesgo de que nos quedemos sin \u00e1rboles en la principal plaza de la entidad\u201d, dijo en entrevista en el z\u00f3calo capitalino.<\/p>\n\n\n\n<figure class=\"wp-block-embed-twitter wp-block-embed is-type-rich is-provider-twitter\"><div class=\"wp-block-embed__wrapper\">\n<div class=\"twitter-tweet\"><blockquote class=\"twitter-tweet\" data-lang=\"es\"><p lang=\"es\" dir=\"ltr\"><a href=\"https:\/\/twitter.com\/hashtag\/UltimoMinuto?src=hash&amp;ref_src=twsrc%5Etfw\">#UltimoMinuto<\/a> <br>El representante de la <a href=\"https:\/\/twitter.com\/FundacionAHHO?ref_src=twsrc%5Etfw\">@FundacionAHHO<\/a>, <a href=\"https:\/\/twitter.com\/felixpineiro1?ref_src=twsrc%5Etfw\">@felixpineiro1<\/a>, anunci\u00f3 el rescate del laurel derribado anoche en el z\u00f3calo; sin embargo, se requiere la participaci\u00f3n conjunta de las autoridades estatales y municipales. <a href=\"https:\/\/t.co\/DfVLlnC8m7\">pic.twitter.com\/DfVLlnC8m7<\/a><\/p>&mdash; Zona Roja Oaxaca (@MexRoja) <a href=\"https:\/\/twitter.com\/MexRoja\/status\/1307028823595130880?ref_src=twsrc%5Etfw\">18 de septiembre de 2020<\/a><\/blockquote><\/div>\n<\/div><\/figure>\n\n\n\n<p>Record\u00f3 que el Centro Hist\u00f3rico de Oaxaca es Patrimonio de la Humanidad y debe ser tratado como tal, incluidos sus \u00e1rboles que forman parte del paisaje que maravilla a visitantes de todas partes del mundo, por lo que insisti\u00f3 en la necesidad de implementar un manejo especializado de las especies.&nbsp;<\/p>\n\n\n\n<p>As\u00ed mismo, refiri\u00f3 que el periodo de vida de cada ejemplar depende del buen manejo y trabajo de preservaci\u00f3n que se realice, as\u00ed como del constante cuidado de las autoridades y la ciudadan\u00eda en general, ya que tambi\u00e9n representan un beneficio para la calidad del aire.&nbsp;<\/p>\n\n\n\n<p>Como representante de la Fundaci\u00f3n Harp Hel\u00fa, asegur\u00f3 que es necesaria una propuesta integral de manejo de todo el arbolado del Centro Hist\u00f3rico y la ciudad de Oaxaca, ya que desde el 2005 los da\u00f1os con la intervenci\u00f3n y remodelaci\u00f3n de la plancha del z\u00f3calo tuvo afectaciones.<\/p>\n\n\n\n<p>Ante la evidente falta de presupuesto para la conservaci\u00f3n de los \u00e1rboles, asegur\u00f3 que vale la pena hacer los esfuerzos necesarios, muchos de la cuales a veces solo son de actitud para hacer un llamado a la suma de esfuerzos organizaciones, colectivos ambientalistas y sociedad en general.<\/p>\n\n\n\n<p>\u201cHay muchos t\u00e9cnicos capaces, hay muchos cuadros formados en el mismo gobierno que han participado en su momento, pero si no hay indicaciones y un proyecto claro desde las autoridades no podr\u00e1n hacer mucho\u201d, concluy\u00f3.<\/p>\n\n\n\n<p>La propuesta para realizar un programa integral de manejo y cuidado del arbolado tendr\u00eda que ser validada por el gobierno municipal, encabezado por Oswaldo Garc\u00eda Jarqu\u00edn, quien ante la ca\u00edda de los dos ejemplares se ha hecho presente en el z\u00f3calo para la respectiva fotograf\u00eda, que ha compartido en sus redes sociales.&nbsp;<\/p>\n","protected":false},"excerpt":{"rendered":"<p>Evlin Arag\u00f3n\/Zona Roja. Oaxaca de Ju\u00e1rez, Oax., 18 de septiembre de 2020.- Con amplia experiencia&hellip;<\/p>\n","protected":false},"author":2,"featured_media":17761,"comment_status":"closed","ping_status":"open","sticky":false,"template":"","format":"standard","meta":{"_lmt_disableupdate":"","_lmt_disable":"","_jetpack_memberships_contains_paid_content":false,"footnotes":""},"categories":[109,47],"tags":[2027],"class_list":["post-17760","post","type-post","status-publish","format-standard","has-post-thumbnail","hentry","category-minuto-a-minuto","category-zona-gris","tag-felix-pineiro-marquez"],"jetpack_featured_media_url":"https:\/\/zonaroja.com.mx\/wp-content\/uploads\/2020\/09\/Felix-Pineiro-Marquez.jpg","jetpack_sharing_enabled":true,"_links":{"self":[{"href":"https:\/\/zonaroja.com.mx\/index.php?rest_route=\/wp\/v2\/posts\/17760","targetHints":{"allow":["GET"]}}],"collection":[{"href":"https:\/\/zonaroja.com.mx\/index.php?rest_route=\/wp\/v2\/posts"}],"about":[{"href":"https:\/\/zonaroja.com.mx\/index.php?rest_route=\/wp\/v2\/types\/post"}],"author":[{"embeddable":true,"href":"https:\/\/zonaroja.com.mx\/index.php?rest_route=\/wp\/v2\/users\/2"}],"replies":[{"embeddable":true,"href":"https:\/\/zonaroja.com.mx\/index.php?rest_route=%2Fwp%2Fv2%2Fcomments&post=17760"}],"version-history":[{"count":2,"href":"https:\/\/zonaroja.com.mx\/index.php?rest_route=\/wp\/v2\/posts\/17760\/revisions"}],"predecessor-version":[{"id":17766,"href":"https:\/\/zonaroja.com.mx\/index.php?rest_route=\/wp\/v2\/posts\/17760\/revisions\/17766"}],"wp:featuredmedia":[{"embeddable":true,"href":"https:\/\/zonaroja.com.mx\/index.php?rest_route=\/wp\/v2\/media\/17761"}],"wp:attachment":[{"href":"https:\/\/zonaroja.com.mx\/index.php?rest_route=%2Fwp%2Fv2%2Fmedia&parent=17760"}],"wp:term":[{"taxonomy":"category","embeddable":true,"href":"https:\/\/zonaroja.com.mx\/index.php?rest_route=%2Fwp%2Fv2%2Fcategories&post=17760"},{"taxonomy":"post_tag","embeddable":true,"href":"https:\/\/zonaroja.com.mx\/index.php?rest_route=%2Fwp%2Fv2%2Ftags&post=17760"}],"curies":[{"name":"wp","href":"https:\/\/api.w.org\/{rel}","templated":true}]}}