{"id":17763,"date":"2020-09-18T19:51:56","date_gmt":"2020-09-19T00:51:56","guid":{"rendered":"http:\/\/www.zonaroja.com.mx\/?p=17763"},"modified":"2020-09-18T19:52:00","modified_gmt":"2020-09-19T00:52:00","slug":"peligro-de-arbolado-en-zocalo-obliga-a-triquis-a-abandonar-su-campamento","status":"publish","type":"post","link":"https:\/\/zonaroja.com.mx\/?p=17763","title":{"rendered":"Peligro de arbolado en z\u00f3calo obliga a Triquis a abandonar su campamento"},"content":{"rendered":"\n<p>Yuridiana Sosa\/Zona Roja.<\/p>\n\n\n\n<p>Oaxaca de Ju\u00e1rez, Oax., 18 de septiembre de 2020.- Tras una fuerte resistencia para abandonar el campamento que mantienen desde hace 10 a\u00f1os debajo de Palacio de Gobierno, los ind\u00edgenas triquis desplazados de San Juan Copala accedieron a retirarse de forma provisional, ante el peligro que representa el arbolado del z\u00f3calo de la capital, uno de los ejemplares ubicado frente a dicho inmueble.<\/p>\n\n\n\n<p>La ca\u00edda de dos ejemplares de laurel en el z\u00f3calo el martes y la noche de este jueves, motiv\u00f3 el cierre al paso peatonal sobre la plaza de la Constituci\u00f3n, pues de acuerdo con los pron\u00f3sticos, se espera que en los siguientes 10 d\u00edas se registren lluvias puntuales en la capital, lo que generar\u00eda el reblandecimiento de la tierra sobre las jardineras del z\u00f3calo.<\/p>\n\n\n\n<p>Uno de los a\u00f1ejos \u00e1rboles se ubica frente a palacio de gobierno, donde en la jardinera las autoridades reportan da\u00f1os, por lo que el riesgo de caer es mayor y representa un peligro latente para esos habitantes.<\/p>\n\n\n\n<p>Enviados de la Secretar\u00eda General de Gobierno (Segego) acordaron con las mujeres triquis el retiro de algunas casas para acampar instaladas al exterior del palacio, as\u00ed como no pernoctar en tanto no existan condiciones para su regreso.<\/p>\n\n\n\n<p>Los representantes de la comunidad Triqui de San Juan Copala y San Miguel Copala sostendr\u00e1n con la Segego una en\u00e9sima reuni\u00f3n ante la Defensor\u00eda de los Derechos Humanos del Pueblo de Oaxaca (DDHPO) para abordar el tema de los retornos a sus comunidades, lo cual exigen desde hace una d\u00e9cada.<\/p>\n\n\n\n<p>Previo a estos hechos, los desplazados triquis se manifestaron en el atrio del templo de San Agust\u00edn, para exigir su inmediata reincorporaci\u00f3n a sus localidades.<\/p>\n\n\n\n<p>En su protesta tambi\u00e9n denunciaron las omisiones de las autoridades estatales para buscar garant\u00edas para su regreso, as\u00ed como para su permanencia en la capital, donde llegaron tras el ataque armado del que fueron v\u00edctimas decenas de familias por problemas pol\u00edticos y sociales.<\/p>\n\n\n\n<p>Las familias desplazadas tambi\u00e9n denunciaron las violaciones a los derechos humanos y a los procesos penales de cuatro varones de su comunidad que cumplen 18 a\u00f1os como presos pol\u00edticos por el supuesto asesinato del l\u00edder Heriberto Pazos.<\/p>\n","protected":false},"excerpt":{"rendered":"<p>Yuridiana Sosa\/Zona Roja. Oaxaca de Ju\u00e1rez, Oax., 18 de septiembre de 2020.- Tras una fuerte&hellip;<\/p>\n","protected":false},"author":2,"featured_media":17764,"comment_status":"closed","ping_status":"open","sticky":false,"template":"","format":"standard","meta":{"_lmt_disableupdate":"","_lmt_disable":"","_jetpack_memberships_contains_paid_content":false,"footnotes":""},"categories":[109,47],"tags":[2028],"class_list":["post-17763","post","type-post","status-publish","format-standard","has-post-thumbnail","hentry","category-minuto-a-minuto","category-zona-gris","tag-san-juan-copala"],"jetpack_featured_media_url":"https:\/\/zonaroja.com.mx\/wp-content\/uploads\/2020\/09\/Conferencia-triquis-Copala.jpg","jetpack_sharing_enabled":true,"_links":{"self":[{"href":"https:\/\/zonaroja.com.mx\/index.php?rest_route=\/wp\/v2\/posts\/17763","targetHints":{"allow":["GET"]}}],"collection":[{"href":"https:\/\/zonaroja.com.mx\/index.php?rest_route=\/wp\/v2\/posts"}],"about":[{"href":"https:\/\/zonaroja.com.mx\/index.php?rest_route=\/wp\/v2\/types\/post"}],"author":[{"embeddable":true,"href":"https:\/\/zonaroja.com.mx\/index.php?rest_route=\/wp\/v2\/users\/2"}],"replies":[{"embeddable":true,"href":"https:\/\/zonaroja.com.mx\/index.php?rest_route=%2Fwp%2Fv2%2Fcomments&post=17763"}],"version-history":[{"count":1,"href":"https:\/\/zonaroja.com.mx\/index.php?rest_route=\/wp\/v2\/posts\/17763\/revisions"}],"predecessor-version":[{"id":17765,"href":"https:\/\/zonaroja.com.mx\/index.php?rest_route=\/wp\/v2\/posts\/17763\/revisions\/17765"}],"wp:featuredmedia":[{"embeddable":true,"href":"https:\/\/zonaroja.com.mx\/index.php?rest_route=\/wp\/v2\/media\/17764"}],"wp:attachment":[{"href":"https:\/\/zonaroja.com.mx\/index.php?rest_route=%2Fwp%2Fv2%2Fmedia&parent=17763"}],"wp:term":[{"taxonomy":"category","embeddable":true,"href":"https:\/\/zonaroja.com.mx\/index.php?rest_route=%2Fwp%2Fv2%2Fcategories&post=17763"},{"taxonomy":"post_tag","embeddable":true,"href":"https:\/\/zonaroja.com.mx\/index.php?rest_route=%2Fwp%2Fv2%2Ftags&post=17763"}],"curies":[{"name":"wp","href":"https:\/\/api.w.org\/{rel}","templated":true}]}}