{"id":17767,"date":"2020-09-18T21:22:37","date_gmt":"2020-09-19T02:22:37","guid":{"rendered":"http:\/\/www.zonaroja.com.mx\/?p=17767"},"modified":"2020-09-18T21:22:42","modified_gmt":"2020-09-19T02:22:42","slug":"aumentan-contagios-de-covid-en-oaxaca-170-positivos-y-12-decesos","status":"publish","type":"post","link":"https:\/\/zonaroja.com.mx\/?p=17767","title":{"rendered":"Aumentan contagios de Covid en Oaxaca: 170 positivos y 12 decesos"},"content":{"rendered":"\n<p>Redacci\u00f3n\/Zona Roja.<\/p>\n\n\n\n<p>Oaxaca de Ju\u00e1rez, Oax, 18 de septiembre de 2020.- De acuerdo con el corte epidemiol\u00f3gico de este viernes, en Oaxaca se han acumulado 15 mil 266 confirmados, 170 m\u00e1s que el d\u00eda de ayer, adem\u00e1s de registrarse hoy 12 fallecimientos por Covid-19.<\/p>\n\n\n\n<p>Los diagn\u00f3sticos nuevos se ubican en 50 municipios, principalmente en Oaxaca de Ju\u00e1rez, en donde se detectaron 55 pacientes, seguido de Santa Cruz Xoxocotl\u00e1n con 17, San Juan Bautista Tuxtepec con 10, Tlacolula de Matamoros con ocho, Ocotl\u00e1n de Morelos con siete, Santa Mar\u00eda Azompa con cinco, el resto cuatro, tres, dos y uno caso.<\/p>\n\n\n\n<p>En un comunicado, la dependencia Servicios de Salud de Oaxaca precis\u00f3 que se tiene el reporte de 769 muestras que se encuentran como sospechosas, 13 mil 386 pacientes que se han recuperado del padecimiento y 492 se mantienen activos.<\/p>\n\n\n\n<p>Sin embargo, lament\u00f3 que el d\u00eda de hoy se sumar\u00e1n 12 fallecimientos, por lo que se tiene un registro de mil 388 muertes a causa de la emergencia sanitaria en el territorio oaxaque\u00f1o.<\/p>\n\n\n\n<p>Indic\u00f3 que, por distribuci\u00f3n geogr\u00e1fica, Valles Centrales acumul\u00f3 10 mil 208 casos confirmados, 671 decesos y 394 activos, seguido de Tuxtepec con mil 651, 239 fallecimientos y 17 activos, Istmo con mil 535, 270 muertes y 18 activos, Mixteca con 947, 94 defunciones y 27 activos, Costa con 662, 73 decesos y 23 activos, as\u00ed como la Sierra con 263, 41 decesos y 13 activos.<\/p>\n\n\n\n<figure class=\"wp-block-embed-twitter wp-block-embed is-type-rich is-provider-twitter\"><div class=\"wp-block-embed__wrapper\">\n<div class=\"twitter-tweet\"><blockquote class=\"twitter-tweet\" data-lang=\"es\"><p lang=\"es\" dir=\"ltr\"><a href=\"https:\/\/twitter.com\/hashtag\/Oaxaca?src=hash&amp;ref_src=twsrc%5Etfw\">#Oaxaca<\/a> registr\u00f3 hoy 170 casos positivos nuevos de <a href=\"https:\/\/twitter.com\/hashtag\/COVID19?src=hash&amp;ref_src=twsrc%5Etfw\">#COVID19<\/a>, los cuales se distribuyen en 50 municipios de la entidad. <br><br>La pandemia no ha terminado, todas y todos debemos cumplir con la responsabilidad del autocuidado de la <a href=\"https:\/\/twitter.com\/hashtag\/Salud?src=hash&amp;ref_src=twsrc%5Etfw\">#Salud<\/a>. <a href=\"https:\/\/t.co\/5rU5uEbCuz\">pic.twitter.com\/5rU5uEbCuz<\/a><\/p>&mdash; Servicios de Salud (@SSO_GobOax) <a href=\"https:\/\/twitter.com\/SSO_GobOax\/status\/1307128545190215681?ref_src=twsrc%5Etfw\">19 de septiembre de 2020<\/a><\/blockquote><\/div>\n<\/div><\/figure>\n\n\n\n<p>CONTIN\u00daAN MEDIDAS<\/p>\n\n\n\n<p>Ante la pandemia en la entidad, la dependencia resalt\u00f3 que durante el sem\u00e1foro epidemiol\u00f3gico naranja es obligatorio el uso de cubrebocas, la sana distancia, estornudo de etiqueta, lavado de manos con agua y jab\u00f3n o gel a base de alcohol al 60%, como m\u00ednimo.<\/p>\n\n\n\n<p>Respecto a la regulaci\u00f3n del uso del espacio p\u00fablico de acuerdo con el riesgo de contagio, destac\u00f3 que la ocupaci\u00f3n hotelera se permite en un 20%, mientras que el aforo autorizado para centros religiosos, centros comerciales, cines, teatros y eventos culturales es del 25%.<\/p>\n\n\n\n<p>As\u00ed como un 50% peluquer\u00edas, est\u00e9ticas (con previa cita), parques, plazas y espacios p\u00fablicos abiertos; lo mismo para gimnasio, albercas, centros deportivos, SPA y centros de masaje; y un 75% en mercados y supermercados, dijo.<\/p>\n\n\n\n<p>Se\u00f1al\u00f3 que mientras contin\u00fae el riesgo de contagio, quedan suspendidos los eventos masivos, centros nocturnos, bares, salones de eventos, y \u201clas reuniones familiares deben llevarse a cabo con las medidas sanitarias correspondientes\u201d.<\/p>\n\n\n\n<p>Enfatiz\u00f3 que la red hospitalaria para la atenci\u00f3n de COVID-19 en Oaxaca, este 18 de septiembre se encuentra al 31.7% de ocupaci\u00f3n de camas en general. Desglosada, la ocupaci\u00f3n es del 37.2% en camas de observaci\u00f3n y del 23.1% en las de terapia intensiva.<\/p>\n","protected":false},"excerpt":{"rendered":"<p>Redacci\u00f3n\/Zona Roja. Oaxaca de Ju\u00e1rez, Oax, 18 de septiembre de 2020.- De acuerdo con el&hellip;<\/p>\n","protected":false},"author":2,"featured_media":17768,"comment_status":"closed","ping_status":"open","sticky":false,"template":"","format":"standard","meta":{"_lmt_disableupdate":"","_lmt_disable":"","_jetpack_memberships_contains_paid_content":false,"footnotes":""},"categories":[109,47],"tags":[1512],"class_list":["post-17767","post","type-post","status-publish","format-standard","has-post-thumbnail","hentry","category-minuto-a-minuto","category-zona-gris","tag-coronavirus-oaxaca"],"jetpack_featured_media_url":"https:\/\/zonaroja.com.mx\/wp-content\/uploads\/2020\/09\/SSO-1-4-1.jpeg","jetpack_sharing_enabled":true,"_links":{"self":[{"href":"https:\/\/zonaroja.com.mx\/index.php?rest_route=\/wp\/v2\/posts\/17767","targetHints":{"allow":["GET"]}}],"collection":[{"href":"https:\/\/zonaroja.com.mx\/index.php?rest_route=\/wp\/v2\/posts"}],"about":[{"href":"https:\/\/zonaroja.com.mx\/index.php?rest_route=\/wp\/v2\/types\/post"}],"author":[{"embeddable":true,"href":"https:\/\/zonaroja.com.mx\/index.php?rest_route=\/wp\/v2\/users\/2"}],"replies":[{"embeddable":true,"href":"https:\/\/zonaroja.com.mx\/index.php?rest_route=%2Fwp%2Fv2%2Fcomments&post=17767"}],"version-history":[{"count":1,"href":"https:\/\/zonaroja.com.mx\/index.php?rest_route=\/wp\/v2\/posts\/17767\/revisions"}],"predecessor-version":[{"id":17769,"href":"https:\/\/zonaroja.com.mx\/index.php?rest_route=\/wp\/v2\/posts\/17767\/revisions\/17769"}],"wp:featuredmedia":[{"embeddable":true,"href":"https:\/\/zonaroja.com.mx\/index.php?rest_route=\/wp\/v2\/media\/17768"}],"wp:attachment":[{"href":"https:\/\/zonaroja.com.mx\/index.php?rest_route=%2Fwp%2Fv2%2Fmedia&parent=17767"}],"wp:term":[{"taxonomy":"category","embeddable":true,"href":"https:\/\/zonaroja.com.mx\/index.php?rest_route=%2Fwp%2Fv2%2Fcategories&post=17767"},{"taxonomy":"post_tag","embeddable":true,"href":"https:\/\/zonaroja.com.mx\/index.php?rest_route=%2Fwp%2Fv2%2Ftags&post=17767"}],"curies":[{"name":"wp","href":"https:\/\/api.w.org\/{rel}","templated":true}]}}