{"id":17774,"date":"2020-09-19T07:43:15","date_gmt":"2020-09-19T12:43:15","guid":{"rendered":"http:\/\/www.zonaroja.com.mx\/?p=17774"},"modified":"2020-09-19T07:43:19","modified_gmt":"2020-09-19T12:43:19","slug":"sin-atlas-de-riesgo-ni-capacidad-de-reaccion-85-de-municipios","status":"publish","type":"post","link":"https:\/\/zonaroja.com.mx\/?p=17774","title":{"rendered":"Sin atlas de riesgo ni capacidad de reacci\u00f3n, 85% de municipios"},"content":{"rendered":"\n<p>Redacci\u00f3n\/Zona Roja Cdmx.<\/p>\n\n\n\n<p>Ciudad de M\u00e9xico, 19 de septiembre de 2020.- En M\u00e9xico, 85 por ciento de los dos mil 456 municipios que hay en el pa\u00eds no cuenta con un atlas de riesgo, seg\u00fan el Centro Nacional de Prevenci\u00f3n de Desastres.<\/p>\n\n\n\n<p>Por ello, diputados pulen una ley que obligar\u00e1 a tener un atlas de riesgo por municipio y no por estado, como est\u00e1 actualmente, seg\u00fan informaci\u00f3n publicada por el diario \u201cLa Raz\u00f3n\u201d.<\/p>\n\n\n\n<p>\u201cEs lamentable que en pleno siglo XXI se siga teniendo esta deuda hist\u00f3rica. M\u00e9xico debe de transitar de ser un pa\u00eds reactivo a ser un pa\u00eds m\u00e1s preventivo. Con el atlas de riesgo municipal podremos identificar de una manera puntual zonas de derrumbes, zonas de deslaves, zonas s\u00edsmicas, y generar las mejores condiciones para evitar desastres\u201d, dijo a \u201cLa Raz\u00f3n\u201d la diputada Claudia Res\u00e9ndiz Hern\u00e1ndez, presidenta de la Comisi\u00f3n de Protecci\u00f3n Civil y Prevenci\u00f3n de Desastres.<\/p>\n\n\n\n<p>De acuerdo al n\u00famero de municipios por entidad, Baja California, Baja California Sur, Colima y Quintana Roo son las entidades con el mayor n\u00famero de Atlas de Riesgo locales: El primero y el segundo con cuatro de sus cinco ayuntamientos, cada uno; el tercero con ocho de 10; y el cuarto con siete de nueve.<\/p>\n\n\n\n<p>La propuesta de Ley General de Gesti\u00f3n Integral del Riesgo de Desastres y Protecci\u00f3n Civil establece programas de reconstrucci\u00f3n, sistemas de alerta temprana y financiamiento para la prevenci\u00f3n; adem\u00e1s de la transformaci\u00f3n del Fondo para la Prevenci\u00f3n de Desastres Naturales (Fopreden) en el \u201cFondo para la Prevenci\u00f3n y Reducci\u00f3n del Riesgo de Desastres\u201d.<\/p>\n\n\n\n<p>Este fondo tendr\u00e1 como tarea \u201cimplementar acciones tendientes a restablecer las condiciones aceptables y sustentables de vida, mediante la realizaci\u00f3n de obras de mitigaci\u00f3n, reconstrucci\u00f3n, rehabilitaci\u00f3n de infraestructura, bienes y servicios destruidos, interrumpidos y deteriorados en un \u00e1rea afectada, debiendo ser bajo condiciones de menor riesgo que lo que exist\u00eda antes de la ocurrencia del desastre\u201d.<\/p>\n\n\n\n<figure class=\"wp-block-image size-large\"><img decoding=\"async\" width=\"1024\" height=\"677\" src=\"http:\/\/www.zonaroja.com.mx\/wp-content\/uploads\/2020\/09\/Sismo-1985.jpg\" alt=\"\" class=\"wp-image-17776\" srcset=\"https:\/\/zonaroja.com.mx\/wp-content\/uploads\/2020\/09\/Sismo-1985.jpg 1024w, https:\/\/zonaroja.com.mx\/wp-content\/uploads\/2020\/09\/Sismo-1985-300x198.jpg 300w, https:\/\/zonaroja.com.mx\/wp-content\/uploads\/2020\/09\/Sismo-1985-768x508.jpg 768w, https:\/\/zonaroja.com.mx\/wp-content\/uploads\/2020\/09\/Sismo-1985-780x516.jpg 780w, https:\/\/zonaroja.com.mx\/wp-content\/uploads\/2020\/09\/Sismo-1985-585x387.jpg 585w, https:\/\/zonaroja.com.mx\/wp-content\/uploads\/2020\/09\/Sismo-1985-263x175.jpg 263w\" sizes=\"(max-width: 1024px) 100vw, 1024px\" \/><\/figure>\n\n\n\n<p>Asimismo, seg\u00fan la informaci\u00f3n del diario \u201cLa Raz\u00f3n\u201d, se sustituye el t\u00e9rmino \u201cfen\u00f3meno\u201d por \u201camenaza\u201d, utilizado desde la Ley General de Protecci\u00f3n Civil del a\u00f1o 2000, considerando que el t\u00e9rmino de fen\u00f3meno no es utilizado en los instrumentos internacionales.<\/p>\n\n\n\n<p>Adem\u00e1s, ordena la creaci\u00f3n de una Agencia de Gesti\u00f3n Financiera de Riesgos P\u00fablicos, como un \u00f3rgano desconcentrado de la Secretar\u00eda de Hacienda y Cr\u00e9dito P\u00fablico, \u201cla cual se va a encargar de que efectivamente todos y cada uno de los estados cuenten con sus seguros catastr\u00f3ficos, para que en una situaci\u00f3n de emergencia o de desastre podamos echar mano sin necesidad de esperarnos a tanta burocracia que existe\u201d.<\/p>\n\n\n\n<p>La ley tambi\u00e9n prev\u00e9 crear un organismo dedicado a vigilar y auditar los donativos para el auxilio de la poblaci\u00f3n, \u201cpara que no se repita lo vimos en 2017, que no hubo una cuenta transparente en cuanto a los donativos\u201d.<\/p>\n\n\n\n<p>\u201cLlevamos m\u00e1s de un a\u00f1o trabajando en est\u00e1n nueva ley, no es un cambio de nombre, sino un cambio de forma\u201d, asegur\u00f3 la diputada panista Sonia Rocha, integrante de la Comisi\u00f3n de Protecci\u00f3n Civil.<\/p>\n\n\n\n<p>La propuesta tiene un amplio consenso de diversos partidos y se prev\u00e9 que sea avalada en esta Legislatura, expone \u201cLa Raz\u00f3n\u201d.<\/p>\n","protected":false},"excerpt":{"rendered":"<p>Redacci\u00f3n\/Zona Roja Cdmx. Ciudad de M\u00e9xico, 19 de septiembre de 2020.- En M\u00e9xico, 85 por&hellip;<\/p>\n","protected":false},"author":2,"featured_media":17775,"comment_status":"closed","ping_status":"open","sticky":false,"template":"","format":"standard","meta":{"_lmt_disableupdate":"","_lmt_disable":"","_jetpack_memberships_contains_paid_content":false,"footnotes":""},"categories":[109,47],"tags":[2030],"class_list":["post-17774","post","type-post","status-publish","format-standard","has-post-thumbnail","hentry","category-minuto-a-minuto","category-zona-gris","tag-sismo-1985-mexico"],"jetpack_featured_media_url":"https:\/\/zonaroja.com.mx\/wp-content\/uploads\/2020\/09\/Sismo-1985-2.jpg","jetpack_sharing_enabled":true,"_links":{"self":[{"href":"https:\/\/zonaroja.com.mx\/index.php?rest_route=\/wp\/v2\/posts\/17774","targetHints":{"allow":["GET"]}}],"collection":[{"href":"https:\/\/zonaroja.com.mx\/index.php?rest_route=\/wp\/v2\/posts"}],"about":[{"href":"https:\/\/zonaroja.com.mx\/index.php?rest_route=\/wp\/v2\/types\/post"}],"author":[{"embeddable":true,"href":"https:\/\/zonaroja.com.mx\/index.php?rest_route=\/wp\/v2\/users\/2"}],"replies":[{"embeddable":true,"href":"https:\/\/zonaroja.com.mx\/index.php?rest_route=%2Fwp%2Fv2%2Fcomments&post=17774"}],"version-history":[{"count":1,"href":"https:\/\/zonaroja.com.mx\/index.php?rest_route=\/wp\/v2\/posts\/17774\/revisions"}],"predecessor-version":[{"id":17777,"href":"https:\/\/zonaroja.com.mx\/index.php?rest_route=\/wp\/v2\/posts\/17774\/revisions\/17777"}],"wp:featuredmedia":[{"embeddable":true,"href":"https:\/\/zonaroja.com.mx\/index.php?rest_route=\/wp\/v2\/media\/17775"}],"wp:attachment":[{"href":"https:\/\/zonaroja.com.mx\/index.php?rest_route=%2Fwp%2Fv2%2Fmedia&parent=17774"}],"wp:term":[{"taxonomy":"category","embeddable":true,"href":"https:\/\/zonaroja.com.mx\/index.php?rest_route=%2Fwp%2Fv2%2Fcategories&post=17774"},{"taxonomy":"post_tag","embeddable":true,"href":"https:\/\/zonaroja.com.mx\/index.php?rest_route=%2Fwp%2Fv2%2Ftags&post=17774"}],"curies":[{"name":"wp","href":"https:\/\/api.w.org\/{rel}","templated":true}]}}