{"id":17778,"date":"2020-09-19T07:57:58","date_gmt":"2020-09-19T12:57:58","guid":{"rendered":"http:\/\/www.zonaroja.com.mx\/?p=17778"},"modified":"2020-09-19T07:58:03","modified_gmt":"2020-09-19T12:58:03","slug":"en-oaxaca-suspenden-macrosimulacro-en-aniversario-de-sismos-por-pandemia","status":"publish","type":"post","link":"https:\/\/zonaroja.com.mx\/?p=17778","title":{"rendered":"En Oaxaca suspenden macrosimulacro en aniversario de sismos, por pandemia"},"content":{"rendered":"\n<p>Redacci\u00f3n\/Zona Roja.<\/p>\n\n\n\n<p>Oaxaca de Ju\u00e1rez, Oax., 19 de septiembre de 2020.- Este 19 de septiembre, no se llevar\u00e1 a cabo el macrosimulacro s\u00edsmico que cada a\u00f1o se realiza, por lo que no sonar\u00e1n las alertas correspondientes, inform\u00f3 la Coordinaci\u00f3n Estatal de Protecci\u00f3n Civil de Oaxaca (CEPCO).<\/p>\n\n\n\n<p>En un comunicado, el organismo del Gobierno del Estado dio a conocer que est\u00e1 decisi\u00f3n se toma derivado de las medidas de contenci\u00f3n y respuesta a la situaci\u00f3n de salud p\u00fablica por el Covid-19.<\/p>\n\n\n\n<p>Indic\u00f3 que este s\u00e1bado, los 13 altoparlantes no emitir\u00e1n el sonido de alerta s\u00edsmica de manera programada, como se ha realizado de manera anual en el marco del D\u00eda Nacional de Protecci\u00f3n Civil.<\/p>\n\n\n\n<p>Sin embargo, en conmemoraci\u00f3n del 35 aniversario del sismo del 19 de septiembre de 1985 y a tres a\u00f1os del sismo del 2017, la CEPCO realizar\u00e1 un simulacro de gabinete, la cual es una reuni\u00f3n de coordinaci\u00f3n en una mesa de trabajo con los integrantes de la Unidad Interna de Protecci\u00f3n Civil.<\/p>\n\n\n\n<p>Lo anterior, con el prop\u00f3sito de establecer el objetivo, hip\u00f3tesis, dise\u00f1o del escenario y ensayar las funciones de cada uno de los integrantes de la Unidad conforme a los procedimientos del Plan de Emergencia, culminando el ejercicio con una evaluaci\u00f3n que realizar\u00e1 con las 12 Delegaciones de Protecci\u00f3n Civil.<\/p>\n\n\n\n<p>Expuso que, de presentarse el sonido del alertamiento, este se tratar\u00e1 de un sismo mayor a 5.6 de magnitud, por lo que se pide a la poblaci\u00f3n mantenerse atenta y seguir las indicaciones de las coordinaciones punicipales de Protecci\u00f3n Civil, CEPCO y autoridades civiles y militares.<\/p>\n","protected":false},"excerpt":{"rendered":"<p>Redacci\u00f3n\/Zona Roja. Oaxaca de Ju\u00e1rez, Oax., 19 de septiembre de 2020.- Este 19 de septiembre,&hellip;<\/p>\n","protected":false},"author":2,"featured_media":17779,"comment_status":"closed","ping_status":"open","sticky":false,"template":"","format":"standard","meta":{"_lmt_disableupdate":"","_lmt_disable":"","_jetpack_memberships_contains_paid_content":false,"footnotes":""},"categories":[109,47],"tags":[212],"class_list":["post-17778","post","type-post","status-publish","format-standard","has-post-thumbnail","hentry","category-minuto-a-minuto","category-zona-gris","tag-coordinacion-estatal-de-proteccion-civil"],"jetpack_featured_media_url":"https:\/\/zonaroja.com.mx\/wp-content\/uploads\/2020\/09\/Alerta-sismo-Oaxaca.png","jetpack_sharing_enabled":true,"_links":{"self":[{"href":"https:\/\/zonaroja.com.mx\/index.php?rest_route=\/wp\/v2\/posts\/17778","targetHints":{"allow":["GET"]}}],"collection":[{"href":"https:\/\/zonaroja.com.mx\/index.php?rest_route=\/wp\/v2\/posts"}],"about":[{"href":"https:\/\/zonaroja.com.mx\/index.php?rest_route=\/wp\/v2\/types\/post"}],"author":[{"embeddable":true,"href":"https:\/\/zonaroja.com.mx\/index.php?rest_route=\/wp\/v2\/users\/2"}],"replies":[{"embeddable":true,"href":"https:\/\/zonaroja.com.mx\/index.php?rest_route=%2Fwp%2Fv2%2Fcomments&post=17778"}],"version-history":[{"count":1,"href":"https:\/\/zonaroja.com.mx\/index.php?rest_route=\/wp\/v2\/posts\/17778\/revisions"}],"predecessor-version":[{"id":17780,"href":"https:\/\/zonaroja.com.mx\/index.php?rest_route=\/wp\/v2\/posts\/17778\/revisions\/17780"}],"wp:featuredmedia":[{"embeddable":true,"href":"https:\/\/zonaroja.com.mx\/index.php?rest_route=\/wp\/v2\/media\/17779"}],"wp:attachment":[{"href":"https:\/\/zonaroja.com.mx\/index.php?rest_route=%2Fwp%2Fv2%2Fmedia&parent=17778"}],"wp:term":[{"taxonomy":"category","embeddable":true,"href":"https:\/\/zonaroja.com.mx\/index.php?rest_route=%2Fwp%2Fv2%2Fcategories&post=17778"},{"taxonomy":"post_tag","embeddable":true,"href":"https:\/\/zonaroja.com.mx\/index.php?rest_route=%2Fwp%2Fv2%2Ftags&post=17778"}],"curies":[{"name":"wp","href":"https:\/\/api.w.org\/{rel}","templated":true}]}}