{"id":17781,"date":"2020-09-19T08:08:32","date_gmt":"2020-09-19T13:08:32","guid":{"rendered":"http:\/\/www.zonaroja.com.mx\/?p=17781"},"modified":"2020-09-19T08:08:40","modified_gmt":"2020-09-19T13:08:40","slug":"registra-oaxaca-dos-ataques-armados-en-costa-y-valles-centrales","status":"publish","type":"post","link":"https:\/\/zonaroja.com.mx\/?p=17781","title":{"rendered":"Registra Oaxaca dos ataques armados, en Costa y Valles Centrales"},"content":{"rendered":"\n<p>Redacci\u00f3n\/Zona Roja.<\/p>\n\n\n\n<p>Oaxaca de Ju\u00e1rez, Oax., 19 de septiembre de 2020.- Dos ataques armados, con saldo de tres personas heridas, se registraron ayer, en las regiones Costa y Valles Centrales de Oaxaca.<\/p>\n\n\n\n<p>El primer evento ocurri\u00f3 anoche en la calle 2 Norte esquina con 12 Oriente del municipio coste\u00f1o de Pinotepa Nacional, donde dos personas a bordo de una camioneta color roja, fueron atacadas a balazos.<\/p>\n\n\n\n<p>El chofer maniobr\u00f3 la unidad de motor, pero se estrell\u00f3 contra un poste de energ\u00eda el\u00e9ctrica, lo que origin\u00f3 que se cortara el servicio en la zona del percance; una de las v\u00edctimas fue identificada como Alexis Carrillo Castillo; ambos fueron trasladados a un hospital.<\/p>\n\n\n\n<p>En tanto, ayer en Santa Mar\u00eda El Tule, municipio de la regi\u00f3n Valles Centrales, un automovilista fue agredido a balzos, en el interior de su coche, marca Nissan, tipo Tsuru.<\/p>\n\n\n\n<p>El ataque se suscit\u00f3 alrededor de las 19:30 horas sobre la carretera local a dicho municipio, cerca de la plaza de jaripeos, donde fue hallada la unidad de motor con un individuo herido en su interior, que de manera preliminar se inform\u00f3 que era promotor de espect\u00e1culos.<\/p>\n\n\n\n<p>Fue trasladado a un hospital de la capital de Oaxaca y hasta el momento no se ha esclarecido el hecho; en ambos casos no hay personas detenidas.<\/p>\n","protected":false},"excerpt":{"rendered":"<p>Redacci\u00f3n\/Zona Roja. Oaxaca de Ju\u00e1rez, Oax., 19 de septiembre de 2020.- Dos ataques armados, con&hellip;<\/p>\n","protected":false},"author":2,"featured_media":17782,"comment_status":"closed","ping_status":"open","sticky":false,"template":"","format":"standard","meta":{"_lmt_disableupdate":"","_lmt_disable":"","_jetpack_memberships_contains_paid_content":false,"footnotes":""},"categories":[109,51],"tags":[2031,651],"class_list":["post-17781","post","type-post","status-publish","format-standard","has-post-thumbnail","hentry","category-minuto-a-minuto","category-zona-roja","tag-santa-maria-el-tule","tag-santiago-pinotepa-nacional"],"jetpack_featured_media_url":"https:\/\/zonaroja.com.mx\/wp-content\/uploads\/2020\/09\/Ataque-armado-Pinotepa.jpg","jetpack_sharing_enabled":true,"_links":{"self":[{"href":"https:\/\/zonaroja.com.mx\/index.php?rest_route=\/wp\/v2\/posts\/17781","targetHints":{"allow":["GET"]}}],"collection":[{"href":"https:\/\/zonaroja.com.mx\/index.php?rest_route=\/wp\/v2\/posts"}],"about":[{"href":"https:\/\/zonaroja.com.mx\/index.php?rest_route=\/wp\/v2\/types\/post"}],"author":[{"embeddable":true,"href":"https:\/\/zonaroja.com.mx\/index.php?rest_route=\/wp\/v2\/users\/2"}],"replies":[{"embeddable":true,"href":"https:\/\/zonaroja.com.mx\/index.php?rest_route=%2Fwp%2Fv2%2Fcomments&post=17781"}],"version-history":[{"count":1,"href":"https:\/\/zonaroja.com.mx\/index.php?rest_route=\/wp\/v2\/posts\/17781\/revisions"}],"predecessor-version":[{"id":17783,"href":"https:\/\/zonaroja.com.mx\/index.php?rest_route=\/wp\/v2\/posts\/17781\/revisions\/17783"}],"wp:featuredmedia":[{"embeddable":true,"href":"https:\/\/zonaroja.com.mx\/index.php?rest_route=\/wp\/v2\/media\/17782"}],"wp:attachment":[{"href":"https:\/\/zonaroja.com.mx\/index.php?rest_route=%2Fwp%2Fv2%2Fmedia&parent=17781"}],"wp:term":[{"taxonomy":"category","embeddable":true,"href":"https:\/\/zonaroja.com.mx\/index.php?rest_route=%2Fwp%2Fv2%2Fcategories&post=17781"},{"taxonomy":"post_tag","embeddable":true,"href":"https:\/\/zonaroja.com.mx\/index.php?rest_route=%2Fwp%2Fv2%2Ftags&post=17781"}],"curies":[{"name":"wp","href":"https:\/\/api.w.org\/{rel}","templated":true}]}}