{"id":17787,"date":"2020-09-19T10:42:29","date_gmt":"2020-09-19T15:42:29","guid":{"rendered":"http:\/\/www.zonaroja.com.mx\/?p=17787"},"modified":"2020-09-19T10:42:32","modified_gmt":"2020-09-19T15:42:32","slug":"madres-de-familia-en-chimalapa-denuncian-represalias-por-manifestarse","status":"publish","type":"post","link":"https:\/\/zonaroja.com.mx\/?p=17787","title":{"rendered":"Madres de familia en Chimalapa denuncian represalias por manifestarse"},"content":{"rendered":"\n<p>Yuridiana Sosa\/Zona Roja.<\/p>\n\n\n\n<p>Oaxaca de Ju\u00e1rez, Oax., 19 de septiembre de 2020.- Madres de familia en el municipio de San Miguel Chimapala, en la regi\u00f3n del Istmo, denunciaron represi\u00f3n por parte del DIF Municipal con el retiro del programa estatal \u201cSujetos Vulnerables\u201d, por participar en la exigencia del retiro del bloqueo.<\/p>\n\n\n\n<p>Las autoridades locales informaron a un grupo de 25 madres de familia que fueron dadas de baja, sin motivos para justificar el retiro del apoyo que otorga el Sistema para el Desarrollo Integral de la Familia a nivel estatal a trav\u00e9s de despensas.<\/p>\n\n\n\n<figure class=\"wp-block-embed-twitter wp-block-embed is-type-rich is-provider-twitter\"><div class=\"wp-block-embed__wrapper\">\n<div class=\"twitter-tweet\"><blockquote class=\"twitter-tweet\" data-lang=\"es\"><p lang=\"es\" dir=\"ltr\"><a href=\"https:\/\/twitter.com\/hashtag\/%C3%9AltimoMinuto?src=hash&amp;ref_src=twsrc%5Etfw\">#\u00daltimoMinuto<\/a><br>Contin\u00faa el conflicto en San Miguel <a href=\"https:\/\/twitter.com\/hashtag\/Chimalapa?src=hash&amp;ref_src=twsrc%5Etfw\">#Chimalapa<\/a>, <a href=\"https:\/\/twitter.com\/hashtag\/Oaxaca?src=hash&amp;ref_src=twsrc%5Etfw\">#Oaxaca<\/a>; madres de familia denuncian a la autoridad municipal de ser excluidas de programas asistenciales del DIF, por participar en las movilizaciones que duraron casi tres semanas. <br>Video: Cortes\u00eda <a href=\"https:\/\/t.co\/ZbOLMxFTPT\">pic.twitter.com\/ZbOLMxFTPT<\/a><\/p>&mdash; Zona Roja Oaxaca (@MexRoja) <a href=\"https:\/\/twitter.com\/MexRoja\/status\/1307151378331185152?ref_src=twsrc%5Etfw\">19 de septiembre de 2020<\/a><\/blockquote><\/div>\n<\/div><\/figure>\n\n\n\n<p>Las afectadas indicaron que es un acto en represalia por parte del gobierno municipal que encabeza Francisco S\u00e1nchez Guti\u00e9rrez contra las mujeres que participaron en las reuniones donde la poblaci\u00f3n de la cabecera municipal exigi\u00f3 al edil \u201chacer su trabajo\u201d para que fuera retirado el bloqueo que se prolong\u00f3 por 23 d\u00edas y en el que se quedaron sin abasto de alimentos.<\/p>\n\n\n\n<p>Motivo por el que exigen al gobierno estatal su intervenci\u00f3n, pues la autoridad municipal est\u00e1 violentos derechos fundamentales como el de la alimentaci\u00f3n, el cual beneficio principalmente a los ni\u00f1os de los hogares.<\/p>\n\n\n\n<p>A las madres de familias afectadas no les mostraron ning\u00fan documento oficial que justificara la supuesta baja, pues solo aparec\u00edan en una lista separada en un cuaderno. Las despensas, dijeron, fueron entregadas a personas que simpatizan con el presidente.<\/p>\n","protected":false},"excerpt":{"rendered":"<p>Yuridiana Sosa\/Zona Roja. Oaxaca de Ju\u00e1rez, Oax., 19 de septiembre de 2020.- Madres de familia&hellip;<\/p>\n","protected":false},"author":2,"featured_media":17788,"comment_status":"closed","ping_status":"open","sticky":false,"template":"","format":"standard","meta":{"_lmt_disableupdate":"","_lmt_disable":"","_jetpack_memberships_contains_paid_content":false,"footnotes":""},"categories":[109,47],"tags":[967],"class_list":["post-17787","post","type-post","status-publish","format-standard","has-post-thumbnail","hentry","category-minuto-a-minuto","category-zona-gris","tag-san-miguel-chimalapa"],"jetpack_featured_media_url":"https:\/\/zonaroja.com.mx\/wp-content\/uploads\/2020\/09\/Madres-San-Miguel-Chimalapa.jpg","jetpack_sharing_enabled":true,"_links":{"self":[{"href":"https:\/\/zonaroja.com.mx\/index.php?rest_route=\/wp\/v2\/posts\/17787","targetHints":{"allow":["GET"]}}],"collection":[{"href":"https:\/\/zonaroja.com.mx\/index.php?rest_route=\/wp\/v2\/posts"}],"about":[{"href":"https:\/\/zonaroja.com.mx\/index.php?rest_route=\/wp\/v2\/types\/post"}],"author":[{"embeddable":true,"href":"https:\/\/zonaroja.com.mx\/index.php?rest_route=\/wp\/v2\/users\/2"}],"replies":[{"embeddable":true,"href":"https:\/\/zonaroja.com.mx\/index.php?rest_route=%2Fwp%2Fv2%2Fcomments&post=17787"}],"version-history":[{"count":1,"href":"https:\/\/zonaroja.com.mx\/index.php?rest_route=\/wp\/v2\/posts\/17787\/revisions"}],"predecessor-version":[{"id":17789,"href":"https:\/\/zonaroja.com.mx\/index.php?rest_route=\/wp\/v2\/posts\/17787\/revisions\/17789"}],"wp:featuredmedia":[{"embeddable":true,"href":"https:\/\/zonaroja.com.mx\/index.php?rest_route=\/wp\/v2\/media\/17788"}],"wp:attachment":[{"href":"https:\/\/zonaroja.com.mx\/index.php?rest_route=%2Fwp%2Fv2%2Fmedia&parent=17787"}],"wp:term":[{"taxonomy":"category","embeddable":true,"href":"https:\/\/zonaroja.com.mx\/index.php?rest_route=%2Fwp%2Fv2%2Fcategories&post=17787"},{"taxonomy":"post_tag","embeddable":true,"href":"https:\/\/zonaroja.com.mx\/index.php?rest_route=%2Fwp%2Fv2%2Ftags&post=17787"}],"curies":[{"name":"wp","href":"https:\/\/api.w.org\/{rel}","templated":true}]}}