{"id":17790,"date":"2020-09-19T10:58:32","date_gmt":"2020-09-19T15:58:32","guid":{"rendered":"http:\/\/www.zonaroja.com.mx\/?p=17790"},"modified":"2020-09-19T10:58:35","modified_gmt":"2020-09-19T15:58:35","slug":"avanza-septiembre-con-al-menos-10-mujeres-desaparecidas-y-5-varones","status":"publish","type":"post","link":"https:\/\/zonaroja.com.mx\/?p=17790","title":{"rendered":"Avanza septiembre con al menos 10 mujeres desaparecidas y 5 varones"},"content":{"rendered":"\n<p>Yuridiana Sosa\/Zona Roja.<\/p>\n\n\n\n<p>Oaxaca de Ju\u00e1rez, Oax., 19 de septiembre de 2020.- En el transcurso de septiembre, al menos una decena de mujeres que fueron reportadas como desaparecidas ante la Fiscal\u00eda General del Estado de Oaxaca, la mayor\u00eda de ellas son menores de edad.<\/p>\n\n\n\n<p>De acuerdo con la Unidad de B\u00fasqueda de Personas No Localizadas y Desaparecidas (DNOL), hasta este viernes, se manten\u00edan activas 10 fichas de perfiles para ubicar a ni\u00f1as, adolescentes y mujeres mayores de edad que han desaparecido en distintas regiones del estado.<\/p>\n\n\n\n<p>De las fichas emitidas, seis corresponden a menores de edad que van de los 11 a\u00f1os a los 17 a\u00f1os de edad.&nbsp; Mientras que el resto, tienen edades que van de los 19 a los 34 a\u00f1os de edad.<\/p>\n\n\n\n<p>La alerta de b\u00fasqueda m\u00e1s reciente es para localizar a Soledad In\u00e9s V\u00e1squez Ventura, de 19 a\u00f1os, vista por \u00faltima vez el pasado 16 de septiembre en San Miguel Tlacamama.<\/p>\n\n\n\n<p>Leidimar Mayren Cruz de 19 a\u00f1os tambi\u00e9n desapareci\u00f3 desde del pasado 13 de septiembre en la comunidad de Corralero, en Santiago Pinotepa Nacional, mientras que esta semana se report\u00f3 y emiti\u00f3 la b\u00fasqueda para Martha Elena M\u00e9ndez Carre\u00f1o, de 30 a\u00f1os, vista la \u00faltima vez el pasado 24 de agosto en la carretera Trans\u00edstmica, en inmediaciones de restaurantes de paso, en la localidad de Lagunas, Barrio La Soledad.<\/p>\n\n\n\n<p>El pasado 9 de septiembre fue vista por \u00faltima vez Selena Irais Rojas Betanzos, de 15 a\u00f1os, en la primera Secci\u00f3n en Villa Tej\u00fapam de Uni\u00f3n, y Samantha Cruz Castillo, de 11 a\u00f1os en paraje la Magueyera, en la agencia de Trinidad de Viguera de Oaxaca de Ju\u00e1rez; el 8 de septiembre fue Mariflor Garc\u00edaGarc\u00eda de 14 a\u00f1os en Barrio del Hospital del municipio de Santiago Jamiltepec.<\/p>\n\n\n\n<p>Rosal\u00eda Cruz Enriquez, de 17 a\u00f1os de edad y Jayma Juquila Mendoza Mart\u00ednez, de 15 a\u00f1os, desaparecieron el 5 de septiembre; la primera vista por \u00faltima vez en el fraccionamiento Ciudad Yagul en Tlacolula de Matamoros y la segunda en Salinas del Marqu\u00e9s.<\/p>\n\n\n\n<p>Desde el pasado 3 de septiembre se desconoce el paradero de Wendy V\u00e1squez Ramos, de 14 a\u00f1os, cuando fue vista en Santo Domingo Zanatepec y desde el primero de este mes, Karina de Jes\u00fas \u00c1lvarez, de 34 a\u00f1os, no vuelve a casa tras ser vista en la S\u00e9ptima Secci\u00f3n de Juchit\u00e1n de Zaragoza.<\/p>\n\n\n\n<p>LOSVARONES<\/p>\n\n\n\n<p>La Unidad de B\u00fasqueda de Personas No Localizadas y Desaparecidas (DNOL) tambi\u00e9n ha emitido fichas para ubicar a cinco varones reportados como desaparecidos en septiembre. Todos son mayores de edad.<\/p>\n\n\n\n<p>Desde el pasado 15 de septiembre se busca a Alfonso Morales Santiago de 27 a\u00f1os en San Pedro Ixtlahuaca; Francisco Javier Marrufo Rodr\u00edguez de 65 a\u00f1os de edad, desapareci\u00f3 desde el 6 de septiembre en Santo Domingo Barrio Bajo.<\/p>\n\n\n\n<p>Edmundo Hern\u00e1ndez Hern\u00e1ndez de 22 a\u00f1os fue visto por \u00faltima vez en Santa Mar\u00eda Tonameca; Celso Avelino Noyola Canseco de 42 a\u00f1os, desapareci\u00f3 desde el 1 de septiembre en R\u00edo Grande de Villa de Tututepec, misma fecha que Baltazar Camacho P\u00e9rez de 28 a\u00f1os, fue visto en la localidad de Candela Santiago de Pinotepa Nacional a bordo de una camioneta azul.<\/p>\n","protected":false},"excerpt":{"rendered":"<p>Yuridiana Sosa\/Zona Roja. Oaxaca de Ju\u00e1rez, Oax., 19 de septiembre de 2020.- En el transcurso&hellip;<\/p>\n","protected":false},"author":2,"featured_media":17791,"comment_status":"closed","ping_status":"open","sticky":false,"template":"","format":"standard","meta":{"_lmt_disableupdate":"","_lmt_disable":"","_jetpack_memberships_contains_paid_content":false,"footnotes":""},"categories":[109,47],"tags":[642],"class_list":["post-17790","post","type-post","status-publish","format-standard","has-post-thumbnail","hentry","category-minuto-a-minuto","category-zona-gris","tag-personas-desaparecidas-oaxaca"],"jetpack_featured_media_url":"https:\/\/zonaroja.com.mx\/wp-content\/uploads\/2020\/09\/Desaparecidos-Oaxaca-septiembre.jpg","jetpack_sharing_enabled":true,"_links":{"self":[{"href":"https:\/\/zonaroja.com.mx\/index.php?rest_route=\/wp\/v2\/posts\/17790","targetHints":{"allow":["GET"]}}],"collection":[{"href":"https:\/\/zonaroja.com.mx\/index.php?rest_route=\/wp\/v2\/posts"}],"about":[{"href":"https:\/\/zonaroja.com.mx\/index.php?rest_route=\/wp\/v2\/types\/post"}],"author":[{"embeddable":true,"href":"https:\/\/zonaroja.com.mx\/index.php?rest_route=\/wp\/v2\/users\/2"}],"replies":[{"embeddable":true,"href":"https:\/\/zonaroja.com.mx\/index.php?rest_route=%2Fwp%2Fv2%2Fcomments&post=17790"}],"version-history":[{"count":1,"href":"https:\/\/zonaroja.com.mx\/index.php?rest_route=\/wp\/v2\/posts\/17790\/revisions"}],"predecessor-version":[{"id":17792,"href":"https:\/\/zonaroja.com.mx\/index.php?rest_route=\/wp\/v2\/posts\/17790\/revisions\/17792"}],"wp:featuredmedia":[{"embeddable":true,"href":"https:\/\/zonaroja.com.mx\/index.php?rest_route=\/wp\/v2\/media\/17791"}],"wp:attachment":[{"href":"https:\/\/zonaroja.com.mx\/index.php?rest_route=%2Fwp%2Fv2%2Fmedia&parent=17790"}],"wp:term":[{"taxonomy":"category","embeddable":true,"href":"https:\/\/zonaroja.com.mx\/index.php?rest_route=%2Fwp%2Fv2%2Fcategories&post=17790"},{"taxonomy":"post_tag","embeddable":true,"href":"https:\/\/zonaroja.com.mx\/index.php?rest_route=%2Fwp%2Fv2%2Ftags&post=17790"}],"curies":[{"name":"wp","href":"https:\/\/api.w.org\/{rel}","templated":true}]}}