{"id":17793,"date":"2020-09-19T15:45:50","date_gmt":"2020-09-19T20:45:50","guid":{"rendered":"http:\/\/www.zonaroja.com.mx\/?p=17793"},"modified":"2020-09-19T15:46:21","modified_gmt":"2020-09-19T20:46:21","slug":"van-8-muertos-por-lluvias-en-temporada-pluvial-en-oaxaca-hoy-un-caso","status":"publish","type":"post","link":"https:\/\/zonaroja.com.mx\/?p=17793","title":{"rendered":"Van 8 muertos por lluvias en temporada pluvial en Oaxaca; hoy un caso"},"content":{"rendered":"\n<p>Yuridiana Sosa\/Zona Roja.<\/p>\n\n\n\n<p>Oaxaca de Ju\u00e1rez, Oax-. 19 de septiembre de 2020.- En el transcurso de la temporada de lluvias en Oaxaca, la Coordinaci\u00f3n Estatal de Protecci\u00f3n Civil en la entidad ha registrado la defunci\u00f3n de ocho personas, entre los meses de julio y septiembre, por hechos tr\u00e1gicos relacionados con el temporal.<\/p>\n\n\n\n<p>Este 19 de septiembre se registr\u00f3 el caso m\u00e1s reciente en el municipio de San Juan Comaltepec, en la regi\u00f3n de la Cuenca del Papaloapan, donde un joven de 23 a\u00f1os de edad falleci\u00f3 a consecuencia del deslizamiento de una ladera que sepult\u00f3 una vivienda.<\/p>\n\n\n\n<p>Durante este mes, tambi\u00e9n ha ocurrido el deceso de un var\u00f3n de 54 a\u00f1os de edad, el pasado 13 de septiembre que fue arrastrado por la corriente de un r\u00edo en el municipio de Villa Sola de Vega, en la Sierra Sur, as\u00ed como el 11 de septiembre, por la ca\u00edda de un rayo en el municipio de San Lorenzo Cacaotepec, en Valles Centrales, muri\u00f3 un joven de 24 a\u00f1os de edad.<\/p>\n\n\n\n<p>En el mes de agosto, tambi\u00e9n se registr\u00f3 el deceso de tres personas; en San Miguel Chimalapa, por el arrastre del r\u00edo de la comunidad falleci\u00f3 un hombre de 40 a\u00f1os de edad el pasado 27 de agosto; el d\u00eda 21 de agosto un var\u00f3n de 24 a\u00f1os de edad perdi\u00f3 la vida en San Felipe Usila por arrastre del r\u00edo y el d\u00eda 13 en San Agust\u00edn Loxicha, un hombre de 34 a\u00f1os muri\u00f3 al ser arrastrada por el r\u00edo en la comunidad de Arroyo de Piedra.<\/p>\n\n\n\n<p>Mientras que el pasado 12 de julio una pareja de adultos mayores, de 76 y 80 a\u00f1os de edad, falleci\u00f3 porque la vivienda qued\u00f3 sepultada por deslizamiento de ladera en la comunidad La Providencia en Huautla de Jim\u00e9nez, inform\u00f3 la CEPCO.<\/p>\n\n\n\n<p>Durante el 2019, Protecci\u00f3n Civil de Oaxaca registr\u00f3 ocho defunciones por consecuencias de las intensas lluvias; en 2018, 18 y en 2017, 22.<\/p>\n\n\n\n<p>TAMBI\u00c9N AHOGADOS<\/p>\n\n\n\n<p>Por otra parte, en el transcurso de este a\u00f1o nueve personas han fallecido ahogadas por causas distintas a las lluvias.<\/p>\n\n\n\n<p>El caso m\u00e1s reciente se registr\u00f3 este s\u00e1bado, cuando la secci\u00f3n de B\u00fasqueda y Rescate subacu\u00e1tico del Heroico Cuerpo de Bomberos del Estado de Oaxaca, localiz\u00f3 y extrajo el cuerpo de un menor de 12 a\u00f1os de edad, C. G. E. en la presa \u00abEl Carrizo\u00bb de Magdalena Teitipac.<\/p>\n\n\n\n<p>En tanto, desde hace tres d\u00edas mantiene la b\u00fasqueda de una persona adulta de San Agust\u00edn Chayuco, que fue arrastrado por la corriente de un r\u00edo en la Costa.<\/p>\n\n\n\n<p>DA\u00d1OS POR LLUVIAS<\/p>\n\n\n\n<p>Por otra parte, el Gobierno del Estado a trav\u00e9s de la Coordinaci\u00f3n Estatal de Protecci\u00f3n Civil de Oaxaca (CEPCO), inform\u00f3 que mantiene la atenci\u00f3n en municipios de la regi\u00f3n de la Cuenca del Papaloapan afectados por las lluvias de las \u00faltimas 24 horas.<\/p>\n\n\n\n<p>En un comunicado, indic\u00f3 que los municipios con mayor afectaci\u00f3n son: Santiago Choapam, Santiago Jocotepec, San Juan Lalana y San Juan Comaltepec; mismos en los que se trabaja en coordinaci\u00f3n con las autoridades municipales.<\/p>\n\n\n\n<p>La delegaci\u00f3n de la zona a cargo de Jaime Canseco Claudio, desde el reporte de las autoridades municipales coordin\u00f3 el apoyo con elementos del Ej\u00e9rcito Mexicano, la Guardia Nacional y de la Polic\u00eda Estatal, para movilizarse a la zona de desastre.<\/p>\n\n\n\n<p>Expuso que las lluvias originaron la muerte de una persona en San Juan Comaltepec, de nombre Castillo M. M., quien qued\u00f3 sepultado al interior de su vivienda por un alud generado por el movimiento de ladera en esta comunidad.<\/p>\n\n\n\n<p>Por el desbordamiento de los r\u00edos \u201cChiquito\u201d y \u201cManso\u201d, se afectaron en San Juan Lalana, las comunidades de San Jos\u00e9 R\u00edo Manso, San Jos\u00e9 Yogope, San Juan Lalana, Cerro Progreso, Asunci\u00f3n Alcoba, Arroyo Lumbre, Arroyo Pl\u00e1tano, Arroyo Blanco, San Juan Evangelista, San Miguel la Paz, Tres Arroyos, Arroyo T\u00f3mate y Arroyo Piedra.<\/p>\n\n\n\n<p>En Santiago Cho\u00e1pam sufrieron afectaciones en la comunidad de San Juan del R\u00edo, mientras que en Santiago Jocotepec, la afectaci\u00f3n se present\u00f3 en las comunidades de R\u00edo Chiquito, Jocotepec y Montenegro.<\/p>\n\n\n\n<p>En la zona se ha alertado a la comunidad de Valle Nacional, Santa Mar\u00eda Jacatepec y Chiltepec, ya que el r\u00edo Valle Nacional presenta un incremento considerable en su nivel, generado por las precipitaciones pluviales.<\/p>\n\n\n\n<p>Cabe destacar que en esta zona llovi\u00f3 aproximadamente 138 mil\u00edmetros \u2013acumulados en 24 horas- lo que gener\u00f3 fuertes escurrimientos hacia los r\u00edos Manso y sus afluentes.<\/p>\n","protected":false},"excerpt":{"rendered":"<p>Yuridiana Sosa\/Zona Roja. Oaxaca de Ju\u00e1rez, Oax-. 19 de septiembre de 2020.- En el transcurso&hellip;<\/p>\n","protected":false},"author":2,"featured_media":17794,"comment_status":"closed","ping_status":"open","sticky":false,"template":"","format":"standard","meta":{"_lmt_disableupdate":"","_lmt_disable":"","_jetpack_memberships_contains_paid_content":false,"footnotes":""},"categories":[109,47],"tags":[2032],"class_list":["post-17793","post","type-post","status-publish","format-standard","has-post-thumbnail","hentry","category-minuto-a-minuto","category-zona-gris","tag-muertos-por-lluvias-oaxaca"],"jetpack_featured_media_url":"https:\/\/zonaroja.com.mx\/wp-content\/uploads\/2020\/09\/Bomberos-rescate-ahogado.jpg","jetpack_sharing_enabled":true,"_links":{"self":[{"href":"https:\/\/zonaroja.com.mx\/index.php?rest_route=\/wp\/v2\/posts\/17793","targetHints":{"allow":["GET"]}}],"collection":[{"href":"https:\/\/zonaroja.com.mx\/index.php?rest_route=\/wp\/v2\/posts"}],"about":[{"href":"https:\/\/zonaroja.com.mx\/index.php?rest_route=\/wp\/v2\/types\/post"}],"author":[{"embeddable":true,"href":"https:\/\/zonaroja.com.mx\/index.php?rest_route=\/wp\/v2\/users\/2"}],"replies":[{"embeddable":true,"href":"https:\/\/zonaroja.com.mx\/index.php?rest_route=%2Fwp%2Fv2%2Fcomments&post=17793"}],"version-history":[{"count":2,"href":"https:\/\/zonaroja.com.mx\/index.php?rest_route=\/wp\/v2\/posts\/17793\/revisions"}],"predecessor-version":[{"id":17796,"href":"https:\/\/zonaroja.com.mx\/index.php?rest_route=\/wp\/v2\/posts\/17793\/revisions\/17796"}],"wp:featuredmedia":[{"embeddable":true,"href":"https:\/\/zonaroja.com.mx\/index.php?rest_route=\/wp\/v2\/media\/17794"}],"wp:attachment":[{"href":"https:\/\/zonaroja.com.mx\/index.php?rest_route=%2Fwp%2Fv2%2Fmedia&parent=17793"}],"wp:term":[{"taxonomy":"category","embeddable":true,"href":"https:\/\/zonaroja.com.mx\/index.php?rest_route=%2Fwp%2Fv2%2Fcategories&post=17793"},{"taxonomy":"post_tag","embeddable":true,"href":"https:\/\/zonaroja.com.mx\/index.php?rest_route=%2Fwp%2Fv2%2Ftags&post=17793"}],"curies":[{"name":"wp","href":"https:\/\/api.w.org\/{rel}","templated":true}]}}