{"id":17799,"date":"2020-09-19T15:57:13","date_gmt":"2020-09-19T20:57:13","guid":{"rendered":"http:\/\/www.zonaroja.com.mx\/?p=17799"},"modified":"2020-09-19T15:57:17","modified_gmt":"2020-09-19T20:57:17","slug":"el-mundo-registra-cada-semana-50-mil-muertos-por-covid-19","status":"publish","type":"post","link":"https:\/\/zonaroja.com.mx\/?p=17799","title":{"rendered":"El mundo registra cada semana 50 mil muertos por Covid-19"},"content":{"rendered":"\n<p>Redacci\u00f3n\/Zona Roja Cdmx.<\/p>\n\n\n\n<p>Ciudad de M\u00e9xico, 19 de septiembre de 2020.- La Organizaci\u00f3n Mundial de la Salud (OMS) consider\u00f3 ayer inaceptable que semanalmente mueran 50 mil personas por el nuevo coronavirus en el mundo, al tiempo que el n\u00famero total de decesos se acerca al mill\u00f3n a nivel global y los contagios rebasaron ya los 30 millones.<\/p>\n\n\n\n<p>Michael Ryan, director de emergencias de la OMS, estim\u00f3 en videoconferencia desde Ginebra, Suiza, que aunque la tasa de decesos y contagios en el mundo se estabiliza, en lugar de aumentar exponencialmente, las cifras esconden aumentos significativos a niveles regionales y locales.<\/p>\n\n\n\n<p>\u201cEstamos a\u00f1adiendo alrededor de 1.8 a 2 millones de casos por semana al balance global, y un promedio de entre 40 mil y 50 mil muertes\u201d, alert\u00f3. A escala global, la pandemia dej\u00f3 hasta ayer 948 mil 547 muertos, 30 millones 323 mil467 casos positivos y 20 millones 631 mil 378 recuperados, seg\u00fan un recuento de la Universidad Johns Hopkins.<\/p>\n\n\n\n<p>Ryan se\u00f1al\u00f3 que la pandemia a\u00fan tiene un largo camino por recorrer y pese a que la proporci\u00f3n de personas contagiadas que mueren ha disminuido, a medida que mejoran las t\u00e9cnicas de tratamiento, 50 mil muertes a la semana es una cifra inaceptable.<\/p>\n\n\n\n<p>Los nuevos repuntes, dijo el director general de la OMS, Tedros Adhanom Ghebreyesus, ponen otra vez en peligro la capacidad hospitalaria de los pa\u00edses, por lo que pidi\u00f3 a los gobiernos implementar medidas concretas para reducir la propagaci\u00f3n del coronavirus, garantizar la asistencia sanitaria y proteger a los profesionales de la salud.<\/p>\n\n\n\n<p>El funcionario inst\u00f3 a las poblaciones a mantener el distanciamiento f\u00edsico, lavarse las manos y evitar acudir a sitios concurridos; adem\u00e1s, advirti\u00f3 que se est\u00e1 incrementando la probabilidad de que nuevos virus animales afecten a las personas debido a la industrializaci\u00f3n y a la reducci\u00f3n de los espacios silvestres.<\/p>\n\n\n\n<p>CRECEN CONTAGIOS EN EUROPA<\/p>\n\n\n\n<p>En las \u00faltimas semanas, los contagios se aceleraron bruscamente en el mundo, particularmente en Europa, donde los gobiernos intentan frenar segundas oleadas con rigurosas restricciones.<\/p>\n\n\n\n<p>Muchos residentes de Madrid necesitar\u00e1n un justificante para salir de sus vecindarios y enfrentar\u00e1n limitaciones en reuniones, medidas incluso m\u00e1s estrictas que las ya aplicadas en Espa\u00f1a, lo que afectar\u00e1 a unas 860 mil personas, indicaron autoridades locales ayer.<\/p>\n\n\n\n<p>Un alto funcionario afirm\u00f3 el mi\u00e9rcoles que las autoridades contemplaban confinamientos selectivos para las zonas m\u00e1s afectadas de la capital, que incluyen las demarcaciones m\u00e1s pobres, y la presidenta de la Comunidad de Madrid, Isabel D\u00edaz Ayuso, se\u00f1al\u00f3 que el modo de vida de los inmigrantes fue en parte responsable del aumento de casos en la urbe.<\/p>\n\n\n\n<p>El n\u00famero de fallecidos por Covid-19 en Francia se multiplic\u00f3 por dos en la \u00faltima semana, con hasta 265 en lapsos de 24 horas, y aumentaron los casos entre las personas de edad avanzada y los focos registrados en el pa\u00eds, inform\u00f3 el gobierno central.<\/p>\n\n\n\n<p>El premier brit\u00e1nico Boris \u00adJohnson reconoci\u00f3 que el Reino Unido ya est\u00e1 inmerso en una segunda oleada y eval\u00faa ordenar una nueva fase de confinamiento, en un d\u00eda en que el gobierno report\u00f3 4 mil 322 nuevos casos confirmados, el total m\u00e1s alto desde mayo.<\/p>\n\n\n\n<p>En este contexto, el gobierno de Rusia aprob\u00f3 el tratamiento Coronavir de R-Pharm para los pacientes ambulatorios con s\u00edntomas leves a moderados de Covid-19 y el medicamento antiviral podr\u00eda ser distribuido a las farmacias del pa\u00eds y vendido con receta m\u00e9dica la pr\u00f3xima semana.<\/p>\n\n\n\n<p>La aprobaci\u00f3n del f\u00e1rmaco llega despu\u00e9s de que las autoridades rusas autorizaron en mayo avifavir, que es utilizado contra el coronavirus. Ambos se basan en el medicamento favipiravir, que fue desarrollado en Jap\u00f3n y es utilizado para tratamientos antivirales.<\/p>\n\n\n\n<p>El grupo farmac\u00e9utico suizo Roche anunci\u00f3 el lanzamiento de una prueba cuantitativa para medir el nivel de anticuerpos contra el SARS-CoV-2 entre los individuos expuestos al virus, con la finalidad de ayudar a los laboratorios a desarrollar sus vacunas.<\/p>\n\n\n\n<p>(Informaci\u00f3n de \u201cLa Jornada\u201d y agencias internacionales)<\/p>\n","protected":false},"excerpt":{"rendered":"<p>Redacci\u00f3n\/Zona Roja Cdmx. Ciudad de M\u00e9xico, 19 de septiembre de 2020.- La Organizaci\u00f3n Mundial de&hellip;<\/p>\n","protected":false},"author":2,"featured_media":9846,"comment_status":"closed","ping_status":"open","sticky":false,"template":"","format":"standard","meta":{"_lmt_disableupdate":"","_lmt_disable":"","_jetpack_memberships_contains_paid_content":false,"footnotes":""},"categories":[109,47],"tags":[1510],"class_list":["post-17799","post","type-post","status-publish","format-standard","has-post-thumbnail","hentry","category-minuto-a-minuto","category-zona-gris","tag-coronavirus-pandemia-global"],"jetpack_featured_media_url":"https:\/\/zonaroja.com.mx\/wp-content\/uploads\/2020\/03\/Pandemia-coronavirus.jpg","jetpack_sharing_enabled":true,"_links":{"self":[{"href":"https:\/\/zonaroja.com.mx\/index.php?rest_route=\/wp\/v2\/posts\/17799","targetHints":{"allow":["GET"]}}],"collection":[{"href":"https:\/\/zonaroja.com.mx\/index.php?rest_route=\/wp\/v2\/posts"}],"about":[{"href":"https:\/\/zonaroja.com.mx\/index.php?rest_route=\/wp\/v2\/types\/post"}],"author":[{"embeddable":true,"href":"https:\/\/zonaroja.com.mx\/index.php?rest_route=\/wp\/v2\/users\/2"}],"replies":[{"embeddable":true,"href":"https:\/\/zonaroja.com.mx\/index.php?rest_route=%2Fwp%2Fv2%2Fcomments&post=17799"}],"version-history":[{"count":1,"href":"https:\/\/zonaroja.com.mx\/index.php?rest_route=\/wp\/v2\/posts\/17799\/revisions"}],"predecessor-version":[{"id":17800,"href":"https:\/\/zonaroja.com.mx\/index.php?rest_route=\/wp\/v2\/posts\/17799\/revisions\/17800"}],"wp:featuredmedia":[{"embeddable":true,"href":"https:\/\/zonaroja.com.mx\/index.php?rest_route=\/wp\/v2\/media\/9846"}],"wp:attachment":[{"href":"https:\/\/zonaroja.com.mx\/index.php?rest_route=%2Fwp%2Fv2%2Fmedia&parent=17799"}],"wp:term":[{"taxonomy":"category","embeddable":true,"href":"https:\/\/zonaroja.com.mx\/index.php?rest_route=%2Fwp%2Fv2%2Fcategories&post=17799"},{"taxonomy":"post_tag","embeddable":true,"href":"https:\/\/zonaroja.com.mx\/index.php?rest_route=%2Fwp%2Fv2%2Ftags&post=17799"}],"curies":[{"name":"wp","href":"https:\/\/api.w.org\/{rel}","templated":true}]}}