{"id":17801,"date":"2020-09-19T16:04:20","date_gmt":"2020-09-19T21:04:20","guid":{"rendered":"http:\/\/www.zonaroja.com.mx\/?p=17801"},"modified":"2020-09-19T16:04:24","modified_gmt":"2020-09-19T21:04:24","slug":"titular-de-ddhpo-se-aisla-tras-reunirse-con-delegada-de-profeco-que-dio-positivo-a-covid","status":"publish","type":"post","link":"https:\/\/zonaroja.com.mx\/?p=17801","title":{"rendered":"Titular de DDHPO se a\u00edsla tras reunirse con delegada de Profeco, que dio positivo a Covid"},"content":{"rendered":"\n<p>Redacci\u00f3n\/Estado 20.<\/p>\n\n\n\n<p>Oaxaca de Ju\u00e1rez, Oax., 19 de septiembre de 2020.- El titular de la Defensor\u00eda de los Derechos Humanos del Pueblo de Oaxaca (DDHPO), Bernardo Rodr\u00edguez Alamilla, anunci\u00f3 que permanecer\u00e1 en aislamiento social hasta que le sean entregados los resultados de la prueba de detecci\u00f3n del virus Sars COV 2, a la que ten\u00eda programado someterse este 18 de septiembre.<\/p>\n\n\n\n<p>Lo anterior, tras permanecer en contacto con la delegada de la Procuradur\u00eda Federal del Consumidor (Profeco), Lourdes Santiago, un d\u00eda antes de que \u00e9sta anunciara haber dado positivo a Covid 19.<\/p>\n\n\n\n<p>Y es que el funcionario sostuvo el pasado lunes una reuni\u00f3n de trabajo con la delegada de Profeco, 24 horas antes de que Lourdes Santiago revelara que hab\u00eda dado positivo a la prueba de Covid 19.<\/p>\n\n\n\n<p>Esto, d\u00edas despu\u00e9s de que se ventilara que en las oficinas de la Profeco se registraba un brote del nuevo coronavirus, que hab\u00eda afectado a al menos 10 trabajadores de la dependencia.<\/p>\n\n\n\n<p>Sin embargo, a pesar de ello, tanto el defensor de derechos humanos, Bernardo Rodr\u00edguez, como la delegada de Profeco, Lourdes Santiago, aparecieron posando en una fotograf\u00eda divulgada en redes sociales minutos despu\u00e9s de su encuentro, sin respetar las medidas de sana distancia y sin hacer uso del cubrebocas.<\/p>\n\n\n\n<p>\u201cA partir de este momento, como marca el propio protocolo de salud, decid\u00ed aislarme; estar en casa trabajando y lo vamos a hacer hasta que me desarrolle y me haga la propia prueba. Hasta ahora no presento ning\u00fan s\u00edntoma; vamos a hacernos la prueba y, evidentemente, en cuanto tengamos los resultados de la prueba lo haremos p\u00fablico, tambi\u00e9n\u201d, subray\u00f3 el ombudsman oaxaque\u00f1o, al ser consultado al respecto.<\/p>\n\n\n\n<p>\u201cYa solicitamos (la prueba), ma\u00f1ana (viernes) tengo la visita; entonces, a partir de ma\u00f1ana (viernes) estaremos esperando el tiempo que el laboratorio determine para dar los resultados\u201d, subray\u00f3.<\/p>\n\n\n\n<p>\u2013En la foto (publicada en redes sociales) no se observan los protocolos de sana distancia; (aparecen) sin cubrebocas &#8211;consult\u00f3 este medio.<\/p>\n\n\n\n<p>\u2013Al lugar donde estuvimos no puedes entrar sin cubrebocas, nos lo quitamos \u00fanicamente para el tema de la foto&#8211; argument\u00f3.<\/p>\n\n\n\n<p>Es importante mencionar que la sede de Profeco en Oaxaca permanece cerrada a la espera de que culminen las labores de sanitizaci\u00f3n.<\/p>\n","protected":false},"excerpt":{"rendered":"<p>Redacci\u00f3n\/Estado 20. Oaxaca de Ju\u00e1rez, Oax., 19 de septiembre de 2020.- El titular de la&hellip;<\/p>\n","protected":false},"author":2,"featured_media":17802,"comment_status":"closed","ping_status":"open","sticky":false,"template":"","format":"standard","meta":{"_lmt_disableupdate":"","_lmt_disable":"","_jetpack_memberships_contains_paid_content":false,"footnotes":""},"categories":[109,47],"tags":[1262,286],"class_list":["post-17801","post","type-post","status-publish","format-standard","has-post-thumbnail","hentry","category-minuto-a-minuto","category-zona-gris","tag-bernardo-rodriguez-alamilla","tag-defensoria-de-los-derechos-humanos-del-pueblo-de-oaxaca"],"jetpack_featured_media_url":"https:\/\/zonaroja.com.mx\/wp-content\/uploads\/2020\/09\/DDHPO-y-Profeco.jpg","jetpack_sharing_enabled":true,"_links":{"self":[{"href":"https:\/\/zonaroja.com.mx\/index.php?rest_route=\/wp\/v2\/posts\/17801","targetHints":{"allow":["GET"]}}],"collection":[{"href":"https:\/\/zonaroja.com.mx\/index.php?rest_route=\/wp\/v2\/posts"}],"about":[{"href":"https:\/\/zonaroja.com.mx\/index.php?rest_route=\/wp\/v2\/types\/post"}],"author":[{"embeddable":true,"href":"https:\/\/zonaroja.com.mx\/index.php?rest_route=\/wp\/v2\/users\/2"}],"replies":[{"embeddable":true,"href":"https:\/\/zonaroja.com.mx\/index.php?rest_route=%2Fwp%2Fv2%2Fcomments&post=17801"}],"version-history":[{"count":1,"href":"https:\/\/zonaroja.com.mx\/index.php?rest_route=\/wp\/v2\/posts\/17801\/revisions"}],"predecessor-version":[{"id":17803,"href":"https:\/\/zonaroja.com.mx\/index.php?rest_route=\/wp\/v2\/posts\/17801\/revisions\/17803"}],"wp:featuredmedia":[{"embeddable":true,"href":"https:\/\/zonaroja.com.mx\/index.php?rest_route=\/wp\/v2\/media\/17802"}],"wp:attachment":[{"href":"https:\/\/zonaroja.com.mx\/index.php?rest_route=%2Fwp%2Fv2%2Fmedia&parent=17801"}],"wp:term":[{"taxonomy":"category","embeddable":true,"href":"https:\/\/zonaroja.com.mx\/index.php?rest_route=%2Fwp%2Fv2%2Fcategories&post=17801"},{"taxonomy":"post_tag","embeddable":true,"href":"https:\/\/zonaroja.com.mx\/index.php?rest_route=%2Fwp%2Fv2%2Ftags&post=17801"}],"curies":[{"name":"wp","href":"https:\/\/api.w.org\/{rel}","templated":true}]}}