{"id":17809,"date":"2020-09-20T07:34:56","date_gmt":"2020-09-20T12:34:56","guid":{"rendered":"http:\/\/www.zonaroja.com.mx\/?p=17809"},"modified":"2020-09-20T07:35:02","modified_gmt":"2020-09-20T12:35:02","slug":"aumenta-curva-de-contagios-por-covid-habria-nuevo-cofinamiento-en-octubre","status":"publish","type":"post","link":"https:\/\/zonaroja.com.mx\/?p=17809","title":{"rendered":"Aumenta curva de contagios por Covid; habr\u00eda nuevo cofinamiento en octubre"},"content":{"rendered":"\n<p>Redacci\u00f3n\/Zona Roja Cdmx.<\/p>\n\n\n\n<p>Ciudad de M\u00e9xico, 20 de septiembre de 2020.- Ante un inminente aumento de contagios de Covid-19 en octubre, podr\u00edan regresar nuevas medidas de restricci\u00f3n y confinamiento, advirti\u00f3 el subsecretario de Prevenci\u00f3n y Promoci\u00f3n de la Salud, Hugo L\u00f3pez-Gatell.<\/p>\n\n\n\n<p>\u201cEst\u00e1 el riesgo de que en octubre, cuando venga el periodo de influenza, podr\u00edamos tener una exacerbaci\u00f3n y podr\u00eda ser que necesitemos nuevas medidas de restricci\u00f3n, por eso hay que administrar el riesgo disminuyendo lo m\u00e1s posible los contagios\u201d, dijo.<\/p>\n\n\n\n<p>En conferencia de prensa ayer por la tarde desde Palacio Nacional, el funcionario asegur\u00f3 que la curva, otra vez, se ha registrado a la alza en un dos por ciento en las \u00faltimas semanas.<\/p>\n\n\n\n<p>\u201cEs una realidad y tiene una relaci\u00f3n con los per\u00edodos de desconfinamiento\u201d, indic\u00f3.<\/p>\n\n\n\n<p>Sin embargo, aclar\u00f3 que el gobierno del Presidente Andr\u00e9s Manuel L\u00f3pez Obrador no forzar\u00e1 el resguardo de la ciudadan\u00eda con el uso de la fuerza p\u00fablica.<\/p>\n\n\n\n<p>L\u00f3pez-Gatell adelant\u00f3 que la epidemia por Covid-19 se extender\u00e1 hasta abril de 2021, ya que coincide con la entrada de la influenza que se dar\u00e1 en octubre.<\/p>\n\n\n\n<p>\u201cLa epidemia no ha acabado, mantengamos en casa cuando no sea indispensable salir. La expectativa es que Covid-19, que afecta a las personas de manera parecida a la influenza, es que tambi\u00e9n durante octubre y hasta marzo o abril tengamos reemergencia o persistencia de Covid-19\u201d, expuso.<\/p>\n\n\n\n<p>Y es que un total de 73 mil 258 personas han fallecido a causa del COVID-19, seg\u00fan el \u00faltimo reporte de la Secretar\u00eda de Salud.<\/p>\n","protected":false},"excerpt":{"rendered":"<p>Redacci\u00f3n\/Zona Roja Cdmx. Ciudad de M\u00e9xico, 20 de septiembre de 2020.- Ante un inminente aumento&hellip;<\/p>\n","protected":false},"author":2,"featured_media":17810,"comment_status":"closed","ping_status":"open","sticky":false,"template":"","format":"standard","meta":{"_lmt_disableupdate":"","_lmt_disable":"","_jetpack_memberships_contains_paid_content":false,"footnotes":""},"categories":[109,47],"tags":[1328],"class_list":["post-17809","post","type-post","status-publish","format-standard","has-post-thumbnail","hentry","category-minuto-a-minuto","category-zona-gris","tag-coronavirus-mexico"],"jetpack_featured_media_url":"https:\/\/zonaroja.com.mx\/wp-content\/uploads\/2020\/09\/Coronavirus-Mexico.jpg","jetpack_sharing_enabled":true,"_links":{"self":[{"href":"https:\/\/zonaroja.com.mx\/index.php?rest_route=\/wp\/v2\/posts\/17809","targetHints":{"allow":["GET"]}}],"collection":[{"href":"https:\/\/zonaroja.com.mx\/index.php?rest_route=\/wp\/v2\/posts"}],"about":[{"href":"https:\/\/zonaroja.com.mx\/index.php?rest_route=\/wp\/v2\/types\/post"}],"author":[{"embeddable":true,"href":"https:\/\/zonaroja.com.mx\/index.php?rest_route=\/wp\/v2\/users\/2"}],"replies":[{"embeddable":true,"href":"https:\/\/zonaroja.com.mx\/index.php?rest_route=%2Fwp%2Fv2%2Fcomments&post=17809"}],"version-history":[{"count":1,"href":"https:\/\/zonaroja.com.mx\/index.php?rest_route=\/wp\/v2\/posts\/17809\/revisions"}],"predecessor-version":[{"id":17811,"href":"https:\/\/zonaroja.com.mx\/index.php?rest_route=\/wp\/v2\/posts\/17809\/revisions\/17811"}],"wp:featuredmedia":[{"embeddable":true,"href":"https:\/\/zonaroja.com.mx\/index.php?rest_route=\/wp\/v2\/media\/17810"}],"wp:attachment":[{"href":"https:\/\/zonaroja.com.mx\/index.php?rest_route=%2Fwp%2Fv2%2Fmedia&parent=17809"}],"wp:term":[{"taxonomy":"category","embeddable":true,"href":"https:\/\/zonaroja.com.mx\/index.php?rest_route=%2Fwp%2Fv2%2Fcategories&post=17809"},{"taxonomy":"post_tag","embeddable":true,"href":"https:\/\/zonaroja.com.mx\/index.php?rest_route=%2Fwp%2Fv2%2Ftags&post=17809"}],"curies":[{"name":"wp","href":"https:\/\/api.w.org\/{rel}","templated":true}]}}