{"id":17812,"date":"2020-09-20T07:40:52","date_gmt":"2020-09-20T12:40:52","guid":{"rendered":"http:\/\/www.zonaroja.com.mx\/?p=17812"},"modified":"2020-09-20T07:40:58","modified_gmt":"2020-09-20T12:40:58","slug":"union-de-jueces-demandan-carrera-judicial-para-nueva-magistrada","status":"publish","type":"post","link":"https:\/\/zonaroja.com.mx\/?p=17812","title":{"rendered":"Uni\u00f3n de Jueces demandan carrera judicial para nueva magistrada"},"content":{"rendered":"\n<p>Yuridiana Sosa\/Zona Roja.<\/p>\n\n\n\n<p>Oaxaca de Ju\u00e1rez, Oax., 20 de septiembre de 2020.- La Uni\u00f3n de Jueces Oaxaca demand\u00f3 al Poder Ejecutivo y al Legislativo que para la designaci\u00f3n de la nueva magistrada del Tribunal Superior de Justicia del Estado se priorice la carrera judicial de las aspirantes.<\/p>\n\n\n\n<p>Ante la convocatoria para la vacante del cargo tras la \u201cno ratificaci\u00f3n\u201d de Maribel Mendoza Flores &#8211;cuyo periodo fenece a finales de septiembre&#8211;, los jueces unidos se pronunciaron para que en la terna que presente el gobernador, Alejandro Murat Hinojosa y en la selecci\u00f3n del Congreso de Oaxaca se tome en cuenta dicho aspecto que aseguraron desde hace varios a\u00f1os no se considera.<\/p>\n\n\n\n<p>La Uni\u00f3n de Jueces reconoci\u00f3 la importancia de la primera convocatoria exclusiva para mujeres con la que se prioriza la paridad de g\u00e9nero, pero tambi\u00e9n resalt\u00f3 que es necesaria la trayectoria como jueces.<\/p>\n\n\n\n<p>\u201cReconocemos, admiramos la trayectoria de las aspirantes, pero estamos convencidos que es importante tener en consideraci\u00f3n, hoy m\u00e1s que nunca, la experiencia desde la judicatura\u201d, apunt\u00f3 la agrupaci\u00f3n que encabeza el juez Luis Ra\u00fal Hern\u00e1ndez Avenda\u00f1o.<\/p>\n\n\n\n<p>A inicios de septiembre, la 64 Legislatura del Congreso de Oaxaca aprob\u00f3 con 34 votos a favor, no reelegir a Maribel Mendoza Flores al cargo de magistrada en el Tribunal Superior de Justicia de Oaxaca, el cual funge desde el 2012.<\/p>\n\n\n\n<p>Mendoza Flores fue la primera magistrada electa tras la reforma constitucional de Oaxaca del 15 de abril del 2011 y rindi\u00f3 protesta en septiembre del 2012 ante el magistrado Alfredo Lagunas Rivera, titular del Poder Judicial del Estado, pero sobre su designaci\u00f3n pesa que presuntamente fue por petici\u00f3n del ex gobernador, Gabino Cu\u00e9 Monteagudo.<\/p>\n","protected":false},"excerpt":{"rendered":"<p>Yuridiana Sosa\/Zona Roja. Oaxaca de Ju\u00e1rez, Oax., 20 de septiembre de 2020.- La Uni\u00f3n de&hellip;<\/p>\n","protected":false},"author":2,"featured_media":14349,"comment_status":"closed","ping_status":"open","sticky":false,"template":"","format":"standard","meta":{"_lmt_disableupdate":"","_lmt_disable":"","_jetpack_memberships_contains_paid_content":false,"footnotes":""},"categories":[109,46],"tags":[1369],"class_list":["post-17812","post","type-post","status-publish","format-standard","has-post-thumbnail","hentry","category-minuto-a-minuto","category-zona-blanca","tag-tribunal-superior-de-justicia-de-oaxacatsejo"],"jetpack_featured_media_url":"https:\/\/zonaroja.com.mx\/wp-content\/uploads\/2020\/06\/Poder-Judicial-Oaxaca.jpg","jetpack_sharing_enabled":true,"_links":{"self":[{"href":"https:\/\/zonaroja.com.mx\/index.php?rest_route=\/wp\/v2\/posts\/17812","targetHints":{"allow":["GET"]}}],"collection":[{"href":"https:\/\/zonaroja.com.mx\/index.php?rest_route=\/wp\/v2\/posts"}],"about":[{"href":"https:\/\/zonaroja.com.mx\/index.php?rest_route=\/wp\/v2\/types\/post"}],"author":[{"embeddable":true,"href":"https:\/\/zonaroja.com.mx\/index.php?rest_route=\/wp\/v2\/users\/2"}],"replies":[{"embeddable":true,"href":"https:\/\/zonaroja.com.mx\/index.php?rest_route=%2Fwp%2Fv2%2Fcomments&post=17812"}],"version-history":[{"count":1,"href":"https:\/\/zonaroja.com.mx\/index.php?rest_route=\/wp\/v2\/posts\/17812\/revisions"}],"predecessor-version":[{"id":17813,"href":"https:\/\/zonaroja.com.mx\/index.php?rest_route=\/wp\/v2\/posts\/17812\/revisions\/17813"}],"wp:featuredmedia":[{"embeddable":true,"href":"https:\/\/zonaroja.com.mx\/index.php?rest_route=\/wp\/v2\/media\/14349"}],"wp:attachment":[{"href":"https:\/\/zonaroja.com.mx\/index.php?rest_route=%2Fwp%2Fv2%2Fmedia&parent=17812"}],"wp:term":[{"taxonomy":"category","embeddable":true,"href":"https:\/\/zonaroja.com.mx\/index.php?rest_route=%2Fwp%2Fv2%2Fcategories&post=17812"},{"taxonomy":"post_tag","embeddable":true,"href":"https:\/\/zonaroja.com.mx\/index.php?rest_route=%2Fwp%2Fv2%2Ftags&post=17812"}],"curies":[{"name":"wp","href":"https:\/\/api.w.org\/{rel}","templated":true}]}}