{"id":17814,"date":"2020-09-20T07:46:10","date_gmt":"2020-09-20T12:46:10","guid":{"rendered":"http:\/\/www.zonaroja.com.mx\/?p=17814"},"modified":"2020-09-20T07:46:13","modified_gmt":"2020-09-20T12:46:13","slug":"mantienen-normalistas-de-tamazulapam-protestas-preven-reactivar-bloqueos","status":"publish","type":"post","link":"https:\/\/zonaroja.com.mx\/?p=17814","title":{"rendered":"Mantienen normalistas de Tamazul\u00e1pam protestas; prev\u00e9n reactivar bloqueos"},"content":{"rendered":"\n<p>Evlin Arag\u00f3n\/Zona Roja.<\/p>\n\n\n\n<p>Oaxaca de Ju\u00e1rez, Oax., 20 de septiembre de 2020.- \u201cMe uno a esta manifestaci\u00f3n porque estoy inconforme de c\u00f3mo se llev\u00f3 a cabo el examen, ya que fue en l\u00ednea y yo no cuento con los dispositivos necesarios, no cuento con internet y computadora. Tuve que recurrir a unas personas para que me la pudieran prestar\u201d.<\/p>\n\n\n\n<p>Son las palabras de una aspirante a cursar sus estudios en la Escuela Normal Rural \u201cVanguardia\u201d, ubicada en el municipio de Tamazul\u00e1pam del Progreso, en el marco de la movilizaci\u00f3n que realizaron este fin de semana y cuya protesta en contra del Instituto Estatal de Educaci\u00f3n P\u00fablica de Oaxaca lleva m\u00e1s de un mes sin soluci\u00f3n.&nbsp;<\/p>\n\n\n\n<p>Sin importar las inclemencias del clima, en plena temporada de lluvias, un grupo de j\u00f3venes decidi\u00f3 bloquear desde el viernes la carretera federal 190, a la altura de la escuela normal, para exigir una mesa de di\u00e1logo de car\u00e1cter resolutivo con Carlos Alberto Cuevas Cervantes, titular de la Unidad de Educaci\u00f3n Normal y Formaci\u00f3n Docente del IEEPO, a fin de resolver las irregularidades registrada en el proceso de admisi\u00f3n.&nbsp;&nbsp;<\/p>\n\n\n\n<p>\u201cEstoy inconforme porque no se tomaron la dedicaci\u00f3n de preguntarnos si cont\u00e1bamos con el equipo tecnol\u00f3gico para realizar el examen, poni\u00e9ndonos en clara desventaja para continuar con nuestros estudios\u201d, refiri\u00f3 la joven que desea ser maestra.<\/p>\n\n\n\n<p>Otra de las j\u00f3venes que participaron en la movilizaci\u00f3n expuso que sus padres son de bajos recursos y no cuenta con dispositivos m\u00f3viles para realizar tr\u00e1mites en l\u00ednea, raz\u00f3n por la que en plena pandemia tuvo que trasladarse a la cabecera municipal en donde no fue nada f\u00e1cil conectarse a la plataforma del examen.&nbsp;<\/p>\n\n\n\n<p>Las representantes de la normal recordaron que son estas instituciones las que permiten que j\u00f3venes de escasos recursos contin\u00faen con sus estudios de nivel superior y tengan una oportunidad de empleo, raz\u00f3n por la que consideran discriminatorio el actuar de las autoridades en materia educativa.&nbsp;<\/p>\n\n\n\n<p>\u201cNuevamente exigimos al licenciado Carlos Alberto Cuevas Cervantes que nos d\u00e9 respuesta a nuestro pliego petitorio, que no haga caso omiso a este tipo de actividades que hacemos. Al pueblo, no es nuestra intenci\u00f3n hacer este tipo de actividades y faltar a sus actividades planeadas que tienen, sin embargo, las autoridades se niegan a darnos una respuesta\u201d, detallaron los testimonios.&nbsp;<\/p>\n\n\n\n<p>Las j\u00f3venes argumentaron que continuaran con sus protestas el tiempo que sea necesario hasta que sean escuchadas por parte de las autoridades encargada de la pol\u00edtica p\u00fablica en la entidad.&nbsp;&nbsp; Fue el 15 de agosto, que se llev\u00f3 a cabo de manera virtual el examen de admisi\u00f3n para el ciclo escolar 2020-2021, mismo que han argumentado no fue accesible para j\u00f3venes de escasos recursos que tienen en la normal la \u00fanica opci\u00f3n de continuar con sus estudios de nivel superior.&nbsp;<\/p>\n","protected":false},"excerpt":{"rendered":"<p>Evlin Arag\u00f3n\/Zona Roja. Oaxaca de Ju\u00e1rez, Oax., 20 de septiembre de 2020.- \u201cMe uno a&hellip;<\/p>\n","protected":false},"author":2,"featured_media":17429,"comment_status":"closed","ping_status":"open","sticky":false,"template":"","format":"standard","meta":{"_lmt_disableupdate":"","_lmt_disable":"","_jetpack_memberships_contains_paid_content":false,"footnotes":""},"categories":[109,47],"tags":[759],"class_list":["post-17814","post","type-post","status-publish","format-standard","has-post-thumbnail","hentry","category-minuto-a-minuto","category-zona-gris","tag-escuela-normal-vanguardia-de-tamazulapam"],"jetpack_featured_media_url":"https:\/\/zonaroja.com.mx\/wp-content\/uploads\/2020\/09\/Escuela-Normal-Rural-Vanguardia-Tamazulapam.jpg","jetpack_sharing_enabled":true,"_links":{"self":[{"href":"https:\/\/zonaroja.com.mx\/index.php?rest_route=\/wp\/v2\/posts\/17814","targetHints":{"allow":["GET"]}}],"collection":[{"href":"https:\/\/zonaroja.com.mx\/index.php?rest_route=\/wp\/v2\/posts"}],"about":[{"href":"https:\/\/zonaroja.com.mx\/index.php?rest_route=\/wp\/v2\/types\/post"}],"author":[{"embeddable":true,"href":"https:\/\/zonaroja.com.mx\/index.php?rest_route=\/wp\/v2\/users\/2"}],"replies":[{"embeddable":true,"href":"https:\/\/zonaroja.com.mx\/index.php?rest_route=%2Fwp%2Fv2%2Fcomments&post=17814"}],"version-history":[{"count":1,"href":"https:\/\/zonaroja.com.mx\/index.php?rest_route=\/wp\/v2\/posts\/17814\/revisions"}],"predecessor-version":[{"id":17815,"href":"https:\/\/zonaroja.com.mx\/index.php?rest_route=\/wp\/v2\/posts\/17814\/revisions\/17815"}],"wp:featuredmedia":[{"embeddable":true,"href":"https:\/\/zonaroja.com.mx\/index.php?rest_route=\/wp\/v2\/media\/17429"}],"wp:attachment":[{"href":"https:\/\/zonaroja.com.mx\/index.php?rest_route=%2Fwp%2Fv2%2Fmedia&parent=17814"}],"wp:term":[{"taxonomy":"category","embeddable":true,"href":"https:\/\/zonaroja.com.mx\/index.php?rest_route=%2Fwp%2Fv2%2Fcategories&post=17814"},{"taxonomy":"post_tag","embeddable":true,"href":"https:\/\/zonaroja.com.mx\/index.php?rest_route=%2Fwp%2Fv2%2Ftags&post=17814"}],"curies":[{"name":"wp","href":"https:\/\/api.w.org\/{rel}","templated":true}]}}