{"id":17816,"date":"2020-09-20T09:18:17","date_gmt":"2020-09-20T14:18:17","guid":{"rendered":"http:\/\/www.zonaroja.com.mx\/?p=17816"},"modified":"2020-09-20T09:58:37","modified_gmt":"2020-09-20T14:58:37","slug":"son-tiempos-de-cubrir-ojos-y-boca-pero-no-de-atar-las-manos-dario-castillejos","status":"publish","type":"post","link":"https:\/\/zonaroja.com.mx\/?p=17816","title":{"rendered":"\u201cSon tiempos de cubrir ojos y boca, pero no de atar las manos\u201d: Dar\u00edo Castillejos"},"content":{"rendered":"\n<p>Ismael Garc\u00eda M.\/Zona Roja.<\/p>\n\n\n\n<p>Oaxaca de Ju\u00e1rez, Oax.. 20 de septiembre de 2020.- El multipremiado caricaturista oaxaque\u00f1o Dar\u00edo Castillejos L\u00e1scares, fue galardonado con el segundo lugar del concurso internacional del World Press Cartoon, efectuado ayer en la ciudad de Caldas Da Rainha, Portugal.<\/p>\n\n\n\n<p>\u201cSon tiempos (de pandemia) en los que nos dicen que hay que cubrir la boca y los ojos, pero no son tiempos de atar las manos ni tapar la imaginaci\u00f3n.<\/p>\n\n\n\n<p>\u201cY desde el espacio en que dibujamos, a diario tenemos tambi\u00e9n la encomienda de se\u00f1alar los abusos de aquellos que hoy detentan el poder, a quienes por cierto no estar\u00eda mal que de vez en cuando les ataran un poco las manos\u201d.<\/p>\n\n\n\n<p>As\u00ed se expres\u00f3 el colaborador del diario \u201cEl Imparcial\u201d y de diversos medios nacionales e internacionales, durante su mensaje v\u00eda videoconferencia.<\/p>\n\n\n\n<p>\u201cMe siento tan sorprendido como agradecido por este gran honor que se me conceden al recibir el Wolrd Press Cartoon en esta categor\u00eda. Vivimos tiempos extra\u00f1os en los que muchos espacios se han cerrado y en las que hemos tenido que cambiar las din\u00e1micas humanas m\u00e1s elementales.<\/p>\n\n\n\n<figure class=\"wp-block-embed-twitter wp-block-embed is-type-rich is-provider-twitter\"><div class=\"wp-block-embed__wrapper\">\n<div class=\"twitter-tweet\"><blockquote class=\"twitter-tweet\" data-lang=\"es\"><p lang=\"es\" dir=\"ltr\"><a href=\"https:\/\/twitter.com\/hashtag\/HechoEnOaxaca?src=hash&amp;ref_src=twsrc%5Etfw\">#HechoEnOaxaca<\/a> <br>\u00a1Y el premio es para&#8230;! El cartonista oaxaque\u00f1o <a href=\"https:\/\/twitter.com\/Dariomonero?ref_src=twsrc%5Etfw\">@Dariomonero<\/a> fue galardonado hoy con el segundo premio en la categor\u00eda de caricatura del World Press Cartoon, ceremonia efectuada en Portugal. <br>\ud83d\udc4f\ud83d\udc4f\ud83d\udc4f\ud83d\udc4f\ud83d\udc4f\ud83d\udc4f\ud83d\udc4f<br>Aqu\u00ed la transmisi\u00f3n: \ud83d\udc47<a href=\"https:\/\/t.co\/R4De5nUxoU\">https:\/\/t.co\/R4De5nUxoU<\/a> <a href=\"https:\/\/t.co\/p0SHb9UeFK\">pic.twitter.com\/p0SHb9UeFK<\/a><\/p>&mdash; Zona Roja Oaxaca (@MexRoja) <a href=\"https:\/\/twitter.com\/MexRoja\/status\/1307495849237200897?ref_src=twsrc%5Etfw\">20 de septiembre de 2020<\/a><\/blockquote><\/div>\n<\/div><\/figure>\n\n\n\n<p>\u201cPara nosotros los dibujantes ha sido una especia de doble confinamiento, porque de por s\u00ed nuestra actividad se limita a nuestra peque\u00f1a mesa de dibujo. Pero es ah\u00ed donde se construyen los mejores sue\u00f1os y reflexiones a trav\u00e9s de los trazos y eso es lo que estoy viviendo hoy con ustedes, un sue\u00f1o hecho realidad\u201d, manifest\u00f3.<\/p>\n\n\n\n<p>Dar\u00edo Castillejos ha obtenido en varias ocasiones el Premio Nacional de Periodismo en la categor\u00eda respectiva, adem\u00e1s de recibir galardones a nivel estatal e internacional.<\/p>\n\n\n\n<p>\u201cAgradezco a Dios en primer lugar por esta bendici\u00f3n de hacer lo que hago cada d\u00eda y lo que amo, y espero hacerlo hasta el \u00faltimo d\u00eda de mi vida. Agradezco a toda mi familia, a mis padres, hermanos, esposa, mis ni\u00f1os, a todos mis colegas a quienes considero mi familia.<\/p>\n\n\n\n<p>\u201cLa pandemia ha encendido alarmas y ha apagado muchas voces, pero el esp\u00edritu de vida nos anima a seguir so\u00f1ando, construyendo y dibujando. Va este premio dedicado a todos aquellos que han ca\u00eddo a causa de la enfermedad del Covid y a quienes siguen dando desde su noble profesi\u00f3n, la lucha m\u00e1s digna, la lucha por la vida\u201d, expres\u00f3 en su mensaje.<\/p>\n","protected":false},"excerpt":{"rendered":"<p>Ismael Garc\u00eda M.\/Zona Roja. Oaxaca de Ju\u00e1rez, Oax.. 20 de septiembre de 2020.- El multipremiado&hellip;<\/p>\n","protected":false},"author":2,"featured_media":17817,"comment_status":"closed","ping_status":"open","sticky":false,"template":"","format":"standard","meta":{"_lmt_disableupdate":"","_lmt_disable":"","_jetpack_memberships_contains_paid_content":false,"footnotes":""},"categories":[109,47],"tags":[1454],"class_list":["post-17816","post","type-post","status-publish","format-standard","has-post-thumbnail","hentry","category-minuto-a-minuto","category-zona-gris","tag-robo-a-caricaturista-dario-castillejos"],"jetpack_featured_media_url":"https:\/\/zonaroja.com.mx\/wp-content\/uploads\/2020\/09\/Dario-Castillejos-premio.jpg","jetpack_sharing_enabled":true,"_links":{"self":[{"href":"https:\/\/zonaroja.com.mx\/index.php?rest_route=\/wp\/v2\/posts\/17816","targetHints":{"allow":["GET"]}}],"collection":[{"href":"https:\/\/zonaroja.com.mx\/index.php?rest_route=\/wp\/v2\/posts"}],"about":[{"href":"https:\/\/zonaroja.com.mx\/index.php?rest_route=\/wp\/v2\/types\/post"}],"author":[{"embeddable":true,"href":"https:\/\/zonaroja.com.mx\/index.php?rest_route=\/wp\/v2\/users\/2"}],"replies":[{"embeddable":true,"href":"https:\/\/zonaroja.com.mx\/index.php?rest_route=%2Fwp%2Fv2%2Fcomments&post=17816"}],"version-history":[{"count":2,"href":"https:\/\/zonaroja.com.mx\/index.php?rest_route=\/wp\/v2\/posts\/17816\/revisions"}],"predecessor-version":[{"id":17819,"href":"https:\/\/zonaroja.com.mx\/index.php?rest_route=\/wp\/v2\/posts\/17816\/revisions\/17819"}],"wp:featuredmedia":[{"embeddable":true,"href":"https:\/\/zonaroja.com.mx\/index.php?rest_route=\/wp\/v2\/media\/17817"}],"wp:attachment":[{"href":"https:\/\/zonaroja.com.mx\/index.php?rest_route=%2Fwp%2Fv2%2Fmedia&parent=17816"}],"wp:term":[{"taxonomy":"category","embeddable":true,"href":"https:\/\/zonaroja.com.mx\/index.php?rest_route=%2Fwp%2Fv2%2Fcategories&post=17816"},{"taxonomy":"post_tag","embeddable":true,"href":"https:\/\/zonaroja.com.mx\/index.php?rest_route=%2Fwp%2Fv2%2Ftags&post=17816"}],"curies":[{"name":"wp","href":"https:\/\/api.w.org\/{rel}","templated":true}]}}