{"id":17820,"date":"2020-09-20T13:59:59","date_gmt":"2020-09-20T18:59:59","guid":{"rendered":"http:\/\/www.zonaroja.com.mx\/?p=17820"},"modified":"2020-09-20T14:00:04","modified_gmt":"2020-09-20T19:00:04","slug":"matan-a-balazos-a-una-mujer-en-oaxaca-suman-cuatro-en-nueve-dias","status":"publish","type":"post","link":"https:\/\/zonaroja.com.mx\/?p=17820","title":{"rendered":"Matan a balazos a una mujer en Oaxaca; suman cuatro en nueve d\u00edas"},"content":{"rendered":"\n<p>Ismael Garc\u00eda M.\/Zona Roja. Foto: Cortes\u00eda Igavec<\/p>\n\n\n\n<p>Oaxaca de Ju\u00e1rez, Oax., 20 de septiembre de 2020.- Una mujer fue asesinada a balazos y su hijo de 11 a\u00f1os de edad result\u00f3 lesionado, cerca del mediod\u00eda de este domingo en la Heroica Ciudad de Huajuapan de Le\u00f3n, Oaxaca.<\/p>\n\n\n\n<p>Con este probable feminicidio, suman cuatro ultimadas en poco m\u00e1s de una semana, adem\u00e1s de una reportera agredida, cuando cubr\u00eda una marcha de feministas que protestaban contra la violencia.<\/p>\n\n\n\n<p>Los hechos de hoy ocurrieron alrededor de las 11:30 horas, en la calle Primavera de la colonia Santa Isabel de Huajuapan, de acuerdo con los primeros datos de la agencia Igavec Noticias.<\/p>\n\n\n\n<p>Hasta el momento se desconocen las causas de la agresi\u00f3n, aunque las autoridades no descartan que pudo haberse tratado de un intento de asalto.<\/p>\n\n\n\n<p>Personal de la Agencia Estatal de Investigaciones lleg\u00f3 al lugar de los hechos para las primeras indagatorias, mientras que elementos de la Guardia Nacional y la Polic\u00eda Municipal resguardan la zona.<\/p>\n\n\n\n<p>SUMAN CUATRO<\/p>\n\n\n\n<p>El pasado 16 de septiembre, conmemoraci\u00f3n del aniversario de la Independencia de M\u00e9xico, fue ultimada a balazos una mujer en la colonia Punta Zicatela de Puerto Escondido, Santa Mar\u00eda Colotepec; fue identificada como Cruz \u201cN\u201d.<\/p>\n\n\n\n<p>Un d\u00eda antes fue asesinada a golpes otra mujer, en el municipio de Santa Mar\u00eda Petapa, regi\u00f3n del Istmo, presuntamente por su pareja sentimental, que huy\u00f3 del lugar.<\/p>\n\n\n\n<p>El pasado viernes 11 de septiembre fue asesinada a balazos otra femenina, cuando transitaba con su veh\u00edculo en inmediaciones de San Juan Teposcolula, en la regi\u00f3n Mixteca del Estado.<\/p>\n\n\n\n<p>El 15 de septiembre, durante la marcha \u00abantigrita\u00bb de colectivos feministas, la reportera de \u00abEl Imparcial\u00bb, Melina Hern\u00e1ndez, fue agredida por integrantes de colectivos; adem\u00e1s de arrebatarle el tel\u00e9fono, le pintarrajearon la cara con pintura en aerosol.<\/p>\n","protected":false},"excerpt":{"rendered":"<p>Ismael Garc\u00eda M.\/Zona Roja. Foto: Cortes\u00eda Igavec Oaxaca de Ju\u00e1rez, Oax., 20 de septiembre de&hellip;<\/p>\n","protected":false},"author":2,"featured_media":17821,"comment_status":"closed","ping_status":"open","sticky":false,"template":"","format":"standard","meta":{"_lmt_disableupdate":"","_lmt_disable":"","_jetpack_memberships_contains_paid_content":false,"footnotes":""},"categories":[109,51],"tags":[610],"class_list":["post-17820","post","type-post","status-publish","format-standard","has-post-thumbnail","hentry","category-minuto-a-minuto","category-zona-roja","tag-feminicidios-oaxaca"],"jetpack_featured_media_url":"https:\/\/zonaroja.com.mx\/wp-content\/uploads\/2020\/09\/Asesinato-Huajuapan.jpg","jetpack_sharing_enabled":true,"_links":{"self":[{"href":"https:\/\/zonaroja.com.mx\/index.php?rest_route=\/wp\/v2\/posts\/17820","targetHints":{"allow":["GET"]}}],"collection":[{"href":"https:\/\/zonaroja.com.mx\/index.php?rest_route=\/wp\/v2\/posts"}],"about":[{"href":"https:\/\/zonaroja.com.mx\/index.php?rest_route=\/wp\/v2\/types\/post"}],"author":[{"embeddable":true,"href":"https:\/\/zonaroja.com.mx\/index.php?rest_route=\/wp\/v2\/users\/2"}],"replies":[{"embeddable":true,"href":"https:\/\/zonaroja.com.mx\/index.php?rest_route=%2Fwp%2Fv2%2Fcomments&post=17820"}],"version-history":[{"count":1,"href":"https:\/\/zonaroja.com.mx\/index.php?rest_route=\/wp\/v2\/posts\/17820\/revisions"}],"predecessor-version":[{"id":17822,"href":"https:\/\/zonaroja.com.mx\/index.php?rest_route=\/wp\/v2\/posts\/17820\/revisions\/17822"}],"wp:featuredmedia":[{"embeddable":true,"href":"https:\/\/zonaroja.com.mx\/index.php?rest_route=\/wp\/v2\/media\/17821"}],"wp:attachment":[{"href":"https:\/\/zonaroja.com.mx\/index.php?rest_route=%2Fwp%2Fv2%2Fmedia&parent=17820"}],"wp:term":[{"taxonomy":"category","embeddable":true,"href":"https:\/\/zonaroja.com.mx\/index.php?rest_route=%2Fwp%2Fv2%2Fcategories&post=17820"},{"taxonomy":"post_tag","embeddable":true,"href":"https:\/\/zonaroja.com.mx\/index.php?rest_route=%2Fwp%2Fv2%2Ftags&post=17820"}],"curies":[{"name":"wp","href":"https:\/\/api.w.org\/{rel}","templated":true}]}}