{"id":17823,"date":"2020-09-20T14:47:57","date_gmt":"2020-09-20T19:47:57","guid":{"rendered":"http:\/\/www.zonaroja.com.mx\/?p=17823"},"modified":"2020-09-20T14:48:02","modified_gmt":"2020-09-20T19:48:02","slug":"cuatro-dias-despues-hallan-cuerpo-de-individuo-arrastrado-por-rio-en-la-costa","status":"publish","type":"post","link":"https:\/\/zonaroja.com.mx\/?p=17823","title":{"rendered":"Cuatro d\u00edas despu\u00e9s, hallan cuerpo de individuo arrastrado por r\u00edo en la Costa"},"content":{"rendered":"\n<p>Redacci\u00f3n\/Zona Roja.<\/p>\n\n\n\n<p>Oaxaca de Ju\u00e1rez, Oax., a 20 de septiembre de 2020.- Despu\u00e9s de cuatro d\u00edas de b\u00fasqueda, este domingo fue localizado el cuerpo de una persona que arrastr\u00f3 el r\u00edo en el municipio de San Agust\u00edn Chayuco, en la regi\u00f3n Costa de Oaxaca.<\/p>\n\n\n\n<p>La Coordinaci\u00f3n Estatal de Protecci\u00f3n Civil del gobierno estatal inform\u00f3 que con ello concluye el operativo de b\u00fasqueda de la persona desaparecida.<\/p>\n\n\n\n<p>El cuerpo de Calixto L. L., de 65 a\u00f1os de edad, fue arrastrado al intentar cruzar el \u201cR\u00edo Grande\u201d, a la altura de la comunidad de Chayuco.<\/p>\n\n\n\n<p>Fue localizado y rescatado en inmediaciones de la Boca Barra en Puerto Minizo perteneciente a la agencia de Collantes en el municipio de Pinotepa Nacional por elementos del Ej\u00e9rcito Mexicano, del municipio y la delegaci\u00f3n de Protecci\u00f3n Civil en la Costa.<\/p>\n\n\n\n<p>Indic\u00f3 que con la recuperaci\u00f3n del cuerpo, se inicia el procedimiento de entrega del mismo a los familiares y con ello concluye el operativo que inici\u00f3 este jueves 17 de septiembre.<\/p>\n","protected":false},"excerpt":{"rendered":"<p>Redacci\u00f3n\/Zona Roja. Oaxaca de Ju\u00e1rez, Oax., a 20 de septiembre de 2020.- Despu\u00e9s de cuatro&hellip;<\/p>\n","protected":false},"author":2,"featured_media":17824,"comment_status":"closed","ping_status":"open","sticky":false,"template":"","format":"standard","meta":{"_lmt_disableupdate":"","_lmt_disable":"","_jetpack_memberships_contains_paid_content":false,"footnotes":""},"categories":[1,47],"tags":[588],"class_list":["post-17823","post","type-post","status-publish","format-standard","has-post-thumbnail","hentry","category-sin-categoria","category-zona-gris","tag-san-agustin-chayuco"],"jetpack_featured_media_url":"https:\/\/zonaroja.com.mx\/wp-content\/uploads\/2020\/09\/Operativo-Costa-1.jpg","jetpack_sharing_enabled":true,"_links":{"self":[{"href":"https:\/\/zonaroja.com.mx\/index.php?rest_route=\/wp\/v2\/posts\/17823","targetHints":{"allow":["GET"]}}],"collection":[{"href":"https:\/\/zonaroja.com.mx\/index.php?rest_route=\/wp\/v2\/posts"}],"about":[{"href":"https:\/\/zonaroja.com.mx\/index.php?rest_route=\/wp\/v2\/types\/post"}],"author":[{"embeddable":true,"href":"https:\/\/zonaroja.com.mx\/index.php?rest_route=\/wp\/v2\/users\/2"}],"replies":[{"embeddable":true,"href":"https:\/\/zonaroja.com.mx\/index.php?rest_route=%2Fwp%2Fv2%2Fcomments&post=17823"}],"version-history":[{"count":1,"href":"https:\/\/zonaroja.com.mx\/index.php?rest_route=\/wp\/v2\/posts\/17823\/revisions"}],"predecessor-version":[{"id":17825,"href":"https:\/\/zonaroja.com.mx\/index.php?rest_route=\/wp\/v2\/posts\/17823\/revisions\/17825"}],"wp:featuredmedia":[{"embeddable":true,"href":"https:\/\/zonaroja.com.mx\/index.php?rest_route=\/wp\/v2\/media\/17824"}],"wp:attachment":[{"href":"https:\/\/zonaroja.com.mx\/index.php?rest_route=%2Fwp%2Fv2%2Fmedia&parent=17823"}],"wp:term":[{"taxonomy":"category","embeddable":true,"href":"https:\/\/zonaroja.com.mx\/index.php?rest_route=%2Fwp%2Fv2%2Fcategories&post=17823"},{"taxonomy":"post_tag","embeddable":true,"href":"https:\/\/zonaroja.com.mx\/index.php?rest_route=%2Fwp%2Fv2%2Ftags&post=17823"}],"curies":[{"name":"wp","href":"https:\/\/api.w.org\/{rel}","templated":true}]}}