{"id":17826,"date":"2020-09-20T16:28:06","date_gmt":"2020-09-20T21:28:06","guid":{"rendered":"http:\/\/www.zonaroja.com.mx\/?p=17826"},"modified":"2020-09-20T16:28:12","modified_gmt":"2020-09-20T21:28:12","slug":"impulsa-diputado-jornada-de-reforestacion-hoy-siembra-vida-en-valles","status":"publish","type":"post","link":"https:\/\/zonaroja.com.mx\/?p=17826","title":{"rendered":"Impulsa diputado jornada de reforestaci\u00f3n \u201cHoy siembra vida\u201d en Valles"},"content":{"rendered":"\n<p>Redacci\u00f3n\/Zona Roja.<\/p>\n\n\n\n<p>Oaxaca de Ju\u00e1rez, Oax. 20 de septiembre de 2020.- El diputado local y presidente de la Junta de Coordinaci\u00f3n Pol\u00edtica del Congreso del Estado, Horacio Sosa Villavicencio, inform\u00f3 sobre los avances en la regi\u00f3n de Valles Centrales, de la jornada de reforestaci\u00f3n denominada \u201cHoy siembra vida\u201d.<\/p>\n\n\n\n<p>En entrevista radiof\u00f3nica, dijo que ser\u00e1n sembrados m\u00e1s 30 mil \u00e1rboles end\u00e9micos como el huam\u00fachil y las jacarandas, en 38 municipios de la regi\u00f3n con la finalidad de que se adapten a ecosistemas de los valles centrales.<\/p>\n\n\n\n<p>Abund\u00f3 que estas acciones se suman a la entrega de utensilios reutilizables, al mismo n\u00famero de municipio, una estrategia que busca eliminar el uso de desechables de pl\u00e1stico y unicel que por d\u00e9cadas han da\u00f1ado al medio ambiente.<\/p>\n\n\n\n<p>En este sentido, expuso que se impartieron en todas las cabeceras municipales del distrito XVI, asesor\u00edas y capacitaci\u00f3n a los cabildos sobre el cuidado del medio ambiente.<\/p>\n\n\n\n<p>Sosa Villavicencio resalt\u00f3 la buena voluntad de las autoridades agrarias y, sobre todo, de las familias que han abrazado este proyecto, que tiene como \u00fanico objetivo cuidar el medio ambiente.<\/p>\n\n\n\n<p>Reconoci\u00f3 la participaci\u00f3n de la Comisi\u00f3n Estatal Forestal (Coesfo) y a la Fundaci\u00f3n Alfredo Harp Hel\u00fa, las cuales, se sumaron a la jornada \u201cHoy siembra vida\u201d. Tambi\u00e9n, celebr\u00f3 el acercamiento de m\u00e1s comunidades que buscan mejorar su entorno por conducto de esta actividad.<\/p>\n\n\n\n<p>El representante popular asegur\u00f3 que continuar\u00e1n realizando en los distintos municipios de la zona estas jornadas de reforestaci\u00f3n, acompa\u00f1ados de las familias oaxaque\u00f1as.<\/p>\n","protected":false},"excerpt":{"rendered":"<p>Redacci\u00f3n\/Zona Roja. Oaxaca de Ju\u00e1rez, Oax. 20 de septiembre de 2020.- El diputado local y&hellip;<\/p>\n","protected":false},"author":2,"featured_media":17827,"comment_status":"closed","ping_status":"open","sticky":false,"template":"","format":"standard","meta":{"_lmt_disableupdate":"","_lmt_disable":"","_jetpack_memberships_contains_paid_content":false,"footnotes":""},"categories":[109,46],"tags":[444],"class_list":["post-17826","post","type-post","status-publish","format-standard","has-post-thumbnail","hentry","category-minuto-a-minuto","category-zona-blanca","tag-horacio-sosa-villavicencio"],"jetpack_featured_media_url":"https:\/\/zonaroja.com.mx\/wp-content\/uploads\/2020\/09\/Horacio-Sosa-siembra-arboles.jpg","jetpack_sharing_enabled":true,"_links":{"self":[{"href":"https:\/\/zonaroja.com.mx\/index.php?rest_route=\/wp\/v2\/posts\/17826","targetHints":{"allow":["GET"]}}],"collection":[{"href":"https:\/\/zonaroja.com.mx\/index.php?rest_route=\/wp\/v2\/posts"}],"about":[{"href":"https:\/\/zonaroja.com.mx\/index.php?rest_route=\/wp\/v2\/types\/post"}],"author":[{"embeddable":true,"href":"https:\/\/zonaroja.com.mx\/index.php?rest_route=\/wp\/v2\/users\/2"}],"replies":[{"embeddable":true,"href":"https:\/\/zonaroja.com.mx\/index.php?rest_route=%2Fwp%2Fv2%2Fcomments&post=17826"}],"version-history":[{"count":1,"href":"https:\/\/zonaroja.com.mx\/index.php?rest_route=\/wp\/v2\/posts\/17826\/revisions"}],"predecessor-version":[{"id":17828,"href":"https:\/\/zonaroja.com.mx\/index.php?rest_route=\/wp\/v2\/posts\/17826\/revisions\/17828"}],"wp:featuredmedia":[{"embeddable":true,"href":"https:\/\/zonaroja.com.mx\/index.php?rest_route=\/wp\/v2\/media\/17827"}],"wp:attachment":[{"href":"https:\/\/zonaroja.com.mx\/index.php?rest_route=%2Fwp%2Fv2%2Fmedia&parent=17826"}],"wp:term":[{"taxonomy":"category","embeddable":true,"href":"https:\/\/zonaroja.com.mx\/index.php?rest_route=%2Fwp%2Fv2%2Fcategories&post=17826"},{"taxonomy":"post_tag","embeddable":true,"href":"https:\/\/zonaroja.com.mx\/index.php?rest_route=%2Fwp%2Fv2%2Ftags&post=17826"}],"curies":[{"name":"wp","href":"https:\/\/api.w.org\/{rel}","templated":true}]}}