{"id":1783,"date":"2019-06-23T17:33:43","date_gmt":"2019-06-23T22:33:43","guid":{"rendered":"http:\/\/www.zonaroja.com.mx\/?p=1783"},"modified":"2019-06-23T17:33:45","modified_gmt":"2019-06-23T22:33:45","slug":"se-hacia-pasar-por-consul-para-traficar-a-3-indocumentados-en-oaxaca","status":"publish","type":"post","link":"https:\/\/zonaroja.com.mx\/?p=1783","title":{"rendered":"Se hac\u00eda pasar por c\u00f3nsul para traficar a 3 indocumentados en Oaxaca"},"content":{"rendered":"\n<p>Redacci\u00f3n<\/p>\n\n\n\n<p>Oaxaca de\nJu\u00e1rez, Oax., 23 de junio de 2019.- Una mujer que se hizo pasar por C\u00f3nsul de\nNicaragua en M\u00e9xico pretendi\u00f3 pasar por territorio oaxaque\u00f1o a tres personas\noriginarias de Cuba, sin documentos migratorios.<\/p>\n\n\n\n<p>El Instituto\nNacional de Migraci\u00f3n (INM) inform\u00f3 en un comunicado que aproximadamente a las\n09:00 horas de este domingo en inmediaciones de San Pedro Tapanatepec revisaron\nun veh\u00edculo de color negro con placas diplom\u00e1ticas L78BFC expedidas en la\nCiudad de M\u00e9xico.<\/p>\n\n\n\n<p>La unidad\niba tripulada por por Namibia del Socorro Fuentes Gonz\u00e1lez, quien se dijo\ndiplom\u00e1tica.<\/p>\n\n\n\n<p>Pero al\nrevisar su documentaci\u00f3n oficial, se encontraba vencida desde hace dos a\u00f1os;\nmientras tanto los cubanos tampoco ten\u00edan documentos que comprobaran su\nestancia en M\u00e9xico.<\/p>\n\n\n\n<p>La mujer\nargument\u00f3 que por atenci\u00f3n humanitaria \u00fanicamente los llevaba al albergue \u201cHermanos\nen el Camino\u201d de Ciudad Ixtepec; sin embargo, al no contar con la documentaci\u00f3n\nde tr\u00e1nsito, fueron <\/p>\n\n\n\n<p>Los tres\ncubanos, entre ellos una mujer, as\u00ed como la supuesta diplom\u00e1tica fueron\ntrasladadas a una estaci\u00f3n del Instituto Nacional de Migraci\u00f3n.<\/p>\n","protected":false},"excerpt":{"rendered":"<p>Redacci\u00f3n Oaxaca de Ju\u00e1rez, Oax., 23 de junio de 2019.- Una mujer que se hizo&hellip;<\/p>\n","protected":false},"author":2,"featured_media":1784,"comment_status":"closed","ping_status":"open","sticky":false,"template":"","format":"standard","meta":{"_lmt_disableupdate":"","_lmt_disable":"","_jetpack_memberships_contains_paid_content":false,"footnotes":""},"categories":[109,51],"tags":[204,207,206],"class_list":["post-1783","post","type-post","status-publish","format-standard","has-post-thumbnail","hentry","category-minuto-a-minuto","category-zona-roja","tag-instituto-nacional-de-migracion","tag-migrantes-centroamericanos","tag-san-pedro-tapanatepec"],"jetpack_featured_media_url":"https:\/\/zonaroja.com.mx\/wp-content\/uploads\/2019\/06\/IMG_2539.jpg","jetpack_sharing_enabled":true,"_links":{"self":[{"href":"https:\/\/zonaroja.com.mx\/index.php?rest_route=\/wp\/v2\/posts\/1783","targetHints":{"allow":["GET"]}}],"collection":[{"href":"https:\/\/zonaroja.com.mx\/index.php?rest_route=\/wp\/v2\/posts"}],"about":[{"href":"https:\/\/zonaroja.com.mx\/index.php?rest_route=\/wp\/v2\/types\/post"}],"author":[{"embeddable":true,"href":"https:\/\/zonaroja.com.mx\/index.php?rest_route=\/wp\/v2\/users\/2"}],"replies":[{"embeddable":true,"href":"https:\/\/zonaroja.com.mx\/index.php?rest_route=%2Fwp%2Fv2%2Fcomments&post=1783"}],"version-history":[{"count":1,"href":"https:\/\/zonaroja.com.mx\/index.php?rest_route=\/wp\/v2\/posts\/1783\/revisions"}],"predecessor-version":[{"id":1785,"href":"https:\/\/zonaroja.com.mx\/index.php?rest_route=\/wp\/v2\/posts\/1783\/revisions\/1785"}],"wp:featuredmedia":[{"embeddable":true,"href":"https:\/\/zonaroja.com.mx\/index.php?rest_route=\/wp\/v2\/media\/1784"}],"wp:attachment":[{"href":"https:\/\/zonaroja.com.mx\/index.php?rest_route=%2Fwp%2Fv2%2Fmedia&parent=1783"}],"wp:term":[{"taxonomy":"category","embeddable":true,"href":"https:\/\/zonaroja.com.mx\/index.php?rest_route=%2Fwp%2Fv2%2Fcategories&post=1783"},{"taxonomy":"post_tag","embeddable":true,"href":"https:\/\/zonaroja.com.mx\/index.php?rest_route=%2Fwp%2Fv2%2Ftags&post=1783"}],"curies":[{"name":"wp","href":"https:\/\/api.w.org\/{rel}","templated":true}]}}