{"id":17831,"date":"2020-09-20T16:45:55","date_gmt":"2020-09-20T21:45:55","guid":{"rendered":"http:\/\/www.zonaroja.com.mx\/?p=17831"},"modified":"2020-09-20T16:45:59","modified_gmt":"2020-09-20T21:45:59","slug":"asesinan-a-balazos-a-un-individuo-este-domingo-en-copalita-region-de-la-costa","status":"publish","type":"post","link":"https:\/\/zonaroja.com.mx\/?p=17831","title":{"rendered":"Asesinan a balazos a un individuo este domingo en Copalita, regi\u00f3n de la Costa"},"content":{"rendered":"\n<p>Redacci\u00f3n\/Zona Roja.<\/p>\n\n\n\n<p>Oaxaca de Ju\u00e1rez, Oax., 20 de septiembre de 2020.- Una persona del sexo masculino de aproximadamente 34 a\u00f1os de edad fue ejecutada a balazos la madrugada de este domingo en la comunidad de Barra de Copalita, San Miguel del Puerto, municipio de la regi\u00f3n Costa de Oaxaca.<\/p>\n\n\n\n<p>La v\u00edctima fue identificada de manera preliminar como Marcos Michel S. G., quien fue ultimado de varios disparos de arma de fuego cuando se encontraba en el interior de su veh\u00edculo, afuera su domicilio en el fraccionamiento Miramar.<\/p>\n\n\n\n<p>Fue alrededor de las 01:30 horas en que ocurri\u00f3 el ataque, que presuntamente perpetr\u00f3 un individuo a bordo de una motocicleta, quien de inmediato huy\u00f3 de la zona.<\/p>\n\n\n\n<p>Personal de la Vicefiscal\u00eda Regional de la Costa inici\u00f3 esta ma\u00f1ana las indagatorias correspondientes.<\/p>\n","protected":false},"excerpt":{"rendered":"<p>Redacci\u00f3n\/Zona Roja. Oaxaca de Ju\u00e1rez, Oax., 20 de septiembre de 2020.- Una persona del sexo&hellip;<\/p>\n","protected":false},"author":2,"featured_media":7486,"comment_status":"closed","ping_status":"open","sticky":false,"template":"","format":"standard","meta":{"_lmt_disableupdate":"","_lmt_disable":"","_jetpack_memberships_contains_paid_content":false,"footnotes":""},"categories":[109,51],"tags":[2033],"class_list":["post-17831","post","type-post","status-publish","format-standard","has-post-thumbnail","hentry","category-minuto-a-minuto","category-zona-roja","tag-san-miguel-del-puerto"],"jetpack_featured_media_url":"https:\/\/zonaroja.com.mx\/wp-content\/uploads\/2020\/01\/Escena-del-crimen7.jpg","jetpack_sharing_enabled":true,"_links":{"self":[{"href":"https:\/\/zonaroja.com.mx\/index.php?rest_route=\/wp\/v2\/posts\/17831","targetHints":{"allow":["GET"]}}],"collection":[{"href":"https:\/\/zonaroja.com.mx\/index.php?rest_route=\/wp\/v2\/posts"}],"about":[{"href":"https:\/\/zonaroja.com.mx\/index.php?rest_route=\/wp\/v2\/types\/post"}],"author":[{"embeddable":true,"href":"https:\/\/zonaroja.com.mx\/index.php?rest_route=\/wp\/v2\/users\/2"}],"replies":[{"embeddable":true,"href":"https:\/\/zonaroja.com.mx\/index.php?rest_route=%2Fwp%2Fv2%2Fcomments&post=17831"}],"version-history":[{"count":1,"href":"https:\/\/zonaroja.com.mx\/index.php?rest_route=\/wp\/v2\/posts\/17831\/revisions"}],"predecessor-version":[{"id":17832,"href":"https:\/\/zonaroja.com.mx\/index.php?rest_route=\/wp\/v2\/posts\/17831\/revisions\/17832"}],"wp:featuredmedia":[{"embeddable":true,"href":"https:\/\/zonaroja.com.mx\/index.php?rest_route=\/wp\/v2\/media\/7486"}],"wp:attachment":[{"href":"https:\/\/zonaroja.com.mx\/index.php?rest_route=%2Fwp%2Fv2%2Fmedia&parent=17831"}],"wp:term":[{"taxonomy":"category","embeddable":true,"href":"https:\/\/zonaroja.com.mx\/index.php?rest_route=%2Fwp%2Fv2%2Fcategories&post=17831"},{"taxonomy":"post_tag","embeddable":true,"href":"https:\/\/zonaroja.com.mx\/index.php?rest_route=%2Fwp%2Fv2%2Ftags&post=17831"}],"curies":[{"name":"wp","href":"https:\/\/api.w.org\/{rel}","templated":true}]}}