{"id":17833,"date":"2020-09-20T17:12:39","date_gmt":"2020-09-20T22:12:39","guid":{"rendered":"http:\/\/www.zonaroja.com.mx\/?p=17833"},"modified":"2020-09-20T17:12:44","modified_gmt":"2020-09-20T22:12:44","slug":"inundadas-comunidades-de-santiago-jocotepec-y-la-ayuda-no-llega","status":"publish","type":"post","link":"https:\/\/zonaroja.com.mx\/?p=17833","title":{"rendered":"Inundadas, comunidades de Santiago Jocotepec y la ayuda no llega"},"content":{"rendered":"\n<p>Redacci\u00f3n\/Zona Roja.<\/p>\n\n\n\n<p>Oaxaca de Ju\u00e1rez, Oax., 20 de septiembre de 2020.- Diversas comunidades de Santiago Jocotepec, en la regi\u00f3n Cuenca del Papaloapan de Oaxaca, se encuentran inundadas desde el pasado viernes debido a las intensas lluvias y la ayuda no ha llegado.<\/p>\n\n\n\n<p>A trav\u00e9s de las redes sociales, demandaron la presencia de las autoridades federales y estatales en localidades como R\u00edo Chiquito, Cerro Caliente, La Alicia, Paso San Jacobo y Playa Lim\u00f3n, adem\u00e1s de R\u00edo Manso, este \u00faltimo del municipio de San Juan Lalana.<\/p>\n\n\n\n<p>\u201cEstamos en estado de emergencia, en la noche 18 de septiembre fuimos sorprendidos por el crecimiento de r\u00edos, lo cual ocasiono que nuestras comunidades se inundaron totalmente, el nivel del agua alcanzo hasta dos metros de altura con fuerte corrientes de r\u00edos que arrastro todas las pertenencias de los habitantes.<\/p>\n\n\n\n<p>\u201cSomos gente de bajos recursos que subsistimos de la agricultura, todas nuestras cosechas se perdieron y hemos quedado sin nada, porque lo poco que ten\u00edamos lo perdimos, estamos sin alimento y sin agua para beber porque consumimos agua de pozo y agua potable, toda esa agua se ensucio.<\/p>\n\n\n\n<figure class=\"wp-block-embed-twitter wp-block-embed is-type-rich is-provider-twitter\"><div class=\"wp-block-embed__wrapper\">\n<div class=\"twitter-tweet\"><blockquote class=\"twitter-tweet\" data-lang=\"es\"><p lang=\"es\" dir=\"ltr\"><a href=\"https:\/\/twitter.com\/hashtag\/%C3%9AltimaHora?src=hash&amp;ref_src=twsrc%5Etfw\">#\u00daltimaHora<\/a> <br>Claman ayuda en Santiago <a href=\"https:\/\/twitter.com\/hashtag\/Jocotepec?src=hash&amp;ref_src=twsrc%5Etfw\">#Jocotepec<\/a>, Cho\u00e1pam, <a href=\"https:\/\/twitter.com\/oaxaca?ref_src=twsrc%5Etfw\">@Oaxaca<\/a>, por las afectaciones a viviendas, cultivos y edificios p\u00fablicos a causa de las intensas lluvias del fin de semana; demandan apoyo del <a href=\"https:\/\/twitter.com\/GobiernoMX?ref_src=twsrc%5Etfw\">@GobiernoMX<\/a> y del <a href=\"https:\/\/twitter.com\/GobOax?ref_src=twsrc%5Etfw\">@goboax<\/a>. <a href=\"https:\/\/t.co\/TwXoBmVaNH\">pic.twitter.com\/TwXoBmVaNH<\/a><\/p>&mdash; Zona Roja Oaxaca (@MexRoja) <a href=\"https:\/\/twitter.com\/MexRoja\/status\/1307796462387056644?ref_src=twsrc%5Etfw\">20 de septiembre de 2020<\/a><\/blockquote><\/div>\n<\/div><\/figure>\n\n\n\n<p>\u201cNuestros hijos y nuestros adultos mayores son los m\u00e1s propensos a sufrir las consecuencias de esta devastaci\u00f3n, no hay centro de salud ni medicamentos ni m\u00e9dicos que nos brinde la atenci\u00f3n inmediata, nuestros alimentos b\u00e1sicos se han perdido no tenemos como alimentarnos en esta contingencia\u201d, expusieron.<\/p>\n\n\n\n<p>Detallaron que las afiliadas a la organizaci\u00f3n Mujeres Magonistas del Consejo Ind\u00edgena Popular de Oaxaca \u201cRicardo Flores Mag\u00f3n\u201d perdieron una hect\u00e1rea de cosechas de temporal.<\/p>\n\n\n\n<p>\u201cEs urgente, estamos en estado de emergencia humanitaria y estamos en plena pandemia de Covid-19, hay muchos casos sospechosos y es una zona de alto riesgo de contagio, ahora vamos a estar peor por esta gran calamidad provocado por la naturaleza.<\/p>\n\n\n\n<p>\u201cQue la denuncia llegue al gobierno federal, estatal para que nos brinde auxilio para evitar una tragedia mayor.<\/p>\n\n\n\n<p>\u201cEsperamos que como seres humanos puedan mostrar la empat\u00eda en acciones destinando los recursos necesarios para resolver esta terrible situaci\u00f3n necesitamos despensa, cobija, colchoneta, equipo de limpieza, recuperar nuestras pertenec\u00edas perdido, nuestros cultivos, bota de hule, impermeable, \u00fatiles escolares, necesitamos que nos ayuden a levantarnos\u201d, manifestaron.<\/p>\n","protected":false},"excerpt":{"rendered":"<p>Redacci\u00f3n\/Zona Roja. Oaxaca de Ju\u00e1rez, Oax., 20 de septiembre de 2020.- Diversas comunidades de Santiago&hellip;<\/p>\n","protected":false},"author":2,"featured_media":17834,"comment_status":"closed","ping_status":"open","sticky":false,"template":"","format":"standard","meta":{"_lmt_disableupdate":"","_lmt_disable":"","_jetpack_memberships_contains_paid_content":false,"footnotes":""},"categories":[109,47],"tags":[2034],"class_list":["post-17833","post","type-post","status-publish","format-standard","has-post-thumbnail","hentry","category-minuto-a-minuto","category-zona-gris","tag-santiago-jocotepec"],"jetpack_featured_media_url":"https:\/\/zonaroja.com.mx\/wp-content\/uploads\/2020\/09\/Damnificados-Santiago-Jocotepec.jpg","jetpack_sharing_enabled":true,"_links":{"self":[{"href":"https:\/\/zonaroja.com.mx\/index.php?rest_route=\/wp\/v2\/posts\/17833","targetHints":{"allow":["GET"]}}],"collection":[{"href":"https:\/\/zonaroja.com.mx\/index.php?rest_route=\/wp\/v2\/posts"}],"about":[{"href":"https:\/\/zonaroja.com.mx\/index.php?rest_route=\/wp\/v2\/types\/post"}],"author":[{"embeddable":true,"href":"https:\/\/zonaroja.com.mx\/index.php?rest_route=\/wp\/v2\/users\/2"}],"replies":[{"embeddable":true,"href":"https:\/\/zonaroja.com.mx\/index.php?rest_route=%2Fwp%2Fv2%2Fcomments&post=17833"}],"version-history":[{"count":1,"href":"https:\/\/zonaroja.com.mx\/index.php?rest_route=\/wp\/v2\/posts\/17833\/revisions"}],"predecessor-version":[{"id":17835,"href":"https:\/\/zonaroja.com.mx\/index.php?rest_route=\/wp\/v2\/posts\/17833\/revisions\/17835"}],"wp:featuredmedia":[{"embeddable":true,"href":"https:\/\/zonaroja.com.mx\/index.php?rest_route=\/wp\/v2\/media\/17834"}],"wp:attachment":[{"href":"https:\/\/zonaroja.com.mx\/index.php?rest_route=%2Fwp%2Fv2%2Fmedia&parent=17833"}],"wp:term":[{"taxonomy":"category","embeddable":true,"href":"https:\/\/zonaroja.com.mx\/index.php?rest_route=%2Fwp%2Fv2%2Fcategories&post=17833"},{"taxonomy":"post_tag","embeddable":true,"href":"https:\/\/zonaroja.com.mx\/index.php?rest_route=%2Fwp%2Fv2%2Ftags&post=17833"}],"curies":[{"name":"wp","href":"https:\/\/api.w.org\/{rel}","templated":true}]}}