{"id":17836,"date":"2020-09-20T20:34:39","date_gmt":"2020-09-21T01:34:39","guid":{"rendered":"http:\/\/www.zonaroja.com.mx\/?p=17836"},"modified":"2020-09-20T21:40:49","modified_gmt":"2020-09-21T02:40:49","slug":"morena-desorganizado-y-paralizado-urge-virar-hacia-la-izquierda-flavio-sosa","status":"publish","type":"post","link":"https:\/\/zonaroja.com.mx\/?p=17836","title":{"rendered":"Morena, desorganizado y paralizado; urge virar hacia la izquierda: Flavio Sosa"},"content":{"rendered":"\n<p>Ismael Garc\u00eda M.\/Zona Roja.<\/p>\n\n\n\n<p>Oaxaca de Ju\u00e1rez, Oax., 20 de septiembre de 2020.- \u201cY nosotros, \u00bfqu\u00e9 estamos haciendo como partido?, estamos paralizados, estamos desorganizados, actuando con burocracia, es m\u00e1s, hay cuestionamientos en cuanto al manejo de recursos\u201d.<\/p>\n\n\n\n<p>Ese es parte del balance de Flavio Sosa Villavicencio, quien aspira a la Secretar\u00eda General del Comit\u00e9 Ejecutivo Nacional del Partido Morena.<\/p>\n\n\n\n<p>Agrega:<\/p>\n\n\n\n<p>\u201cEl partido est\u00e1 en una grave crisis, por eso es que considero que llegamos hasta ac\u00e1; si no hubiera crisis, hubi\u00e9ramos elegido a nuestra direcci\u00f3n con toda normalidad, pero ahora resulta que nosotros que cuestionamos al Tribunal Electoral o al Instituto Nacional Electoral, el INE tiene que organizar nuestra elecci\u00f3n\u201d.<\/p>\n\n\n\n<p>El ex vocero de la Asamblea Popular de los Pueblos de Oaxaca (APO) ofreci\u00f3 esta ma\u00f1ana de domingo una conferencia de prensa para hablar del instituto pol\u00edtico que llev\u00f3 al poder y a la Presidencia de M\u00e9xico a Andr\u00e9s Manuel L\u00f3pez Obrador y de sus aspiraciones.<\/p>\n\n\n\n<figure class=\"wp-block-embed-twitter wp-block-embed is-type-rich is-provider-twitter\"><div class=\"wp-block-embed__wrapper\">\n<div class=\"twitter-tweet\"><blockquote class=\"twitter-tweet\" data-lang=\"es\"><p lang=\"es\" dir=\"ltr\">(1) Quienes actualmente gobiernan Morena, \u201clo deben hacer para las mayor\u00edas, no para los reflectores, no para el lucimiento personal o para una \u00e9lite, si no, la gente lo va castigar con el voto\u201d, dijo hoy <a href=\"https:\/\/twitter.com\/flaviososavilla?ref_src=twsrc%5Etfw\">@flaviososavilla<\/a>, en conferencia de prensa. <a href=\"https:\/\/t.co\/aZ30bzKLY8\">pic.twitter.com\/aZ30bzKLY8<\/a><\/p>&mdash; Zona Roja Oaxaca (@MexRoja) <a href=\"https:\/\/twitter.com\/MexRoja\/status\/1307751806089469952?ref_src=twsrc%5Etfw\">20 de septiembre de 2020<\/a><\/blockquote><\/div>\n<\/div><\/figure>\n\n\n\n<p>Pero tambi\u00e9n para hacer una autocr\u00edtica acerca de la nula reacci\u00f3n de Morena ante los embates hacia el mandatario nacional:<\/p>\n\n\n\n<p>\u201cAyer el mitin de FRENA, hace tres d\u00edas intelectuales cuestionando que en M\u00e9xico no hay libertad expresi\u00f3n o que est\u00e1 en riesgo; a nivel internacional hay presiones, Claudio X Gonz\u00e1lez y otros empresarios, permanente est\u00e1n cuestionando a L\u00f3pez Obrador; la derecha est\u00e1 siempre sobre el Presidente.<\/p>\n\n\n\n<p>\u201cY nosotros qu\u00e9 estamos haciendo como partido, estamos paralizados, estamos desorganizados\u201d\u2026 se\u00f1ala.<\/p>\n\n\n\n<p>Una de las razones, a\u00f1ade, es que la direcci\u00f3n nacional provisional que encabez\u00f3 Yeidkol Polevnsky, no estuvo a la altura hist\u00f3rica del pa\u00eds y del partido, \u201cno fue capaz de transformar esa gran fuerza que gener\u00f3 la sociedad al respaldar a L\u00f3pez Obrador en partido, en organizaci\u00f3n, en estructura.<\/p>\n\n\n\n<p>\u201cEn Oaxaca nos mandaron un delegado habiendo un secretario General que debi\u00f3 haber tomado las riendas del partido. Hay cuestionamientos en el manejo de los recursos, no hay claridad a nivel nacional\u201d.<\/p>\n\n\n\n<p>Por eso, a\u00f1ade, Morena requiere virar a la izquierda y regresar a las causas sociales, regresar a las calles y a los pueblos. Y expone sus razones para buscar la Secretar\u00eda General del partido:<\/p>\n\n\n\n<p>\u201cConozco la realidad nacional, porque vengo del movimiento social, porque he construido partido, porque s\u00e9 lo que es la lucha social y porque nos hemos jugado la vida y creemos tener derecho a ello.<\/p>\n\n\n\n<figure class=\"wp-block-embed-twitter wp-block-embed is-type-rich is-provider-twitter\"><div class=\"wp-block-embed__wrapper\">\n<div class=\"twitter-tweet\"><blockquote class=\"twitter-tweet\" data-lang=\"es\"><p lang=\"es\" dir=\"ltr\">(2) El aspirante a la Secretar\u00eda General del Partido <a href=\"https:\/\/twitter.com\/hashtag\/Morena?src=hash&amp;ref_src=twsrc%5Etfw\">#Morena<\/a>, <a href=\"https:\/\/twitter.com\/flaviososavilla?ref_src=twsrc%5Etfw\">@flaviososavilla<\/a>, sostuvo que proviene de la lucha social y que aspira al cargo para que el instituto pol\u00edtico vuelva a ser el partido de movimiento de movimientos, que vuelva a aglutinar a todas las fuerzas del pa\u00eds. <a href=\"https:\/\/t.co\/QqD7eRUEwj\">pic.twitter.com\/QqD7eRUEwj<\/a><\/p>&mdash; Zona Roja Oaxaca (@MexRoja) <a href=\"https:\/\/twitter.com\/MexRoja\/status\/1307777379784302593?ref_src=twsrc%5Etfw\">20 de septiembre de 2020<\/a><\/blockquote><\/div>\n<\/div><\/figure>\n\n\n\n<p>\u201cNo quiero ser un bur\u00f3crata m\u00e1s, quiero ser secretario General del partido porque creo que hay que construirlo a lo largo y ancho del pa\u00eds, porque hay que estar en la lucha social, porque hay que estar en el movimiento.<\/p>\n\n\n\n<p>\u201cTiene que volver a ser el movimiento de movimientos, si por algo result\u00f3 exitoso en 2018 no fue nada m\u00e1s por los recorridos de &nbsp;L\u00f3pez Obrador a lo largo y ancho del pa\u00eds, sino porque construy\u00f3 un movimiento de movimientos, porque sum\u00f3 a todas las fuerzas, campesinas, sociales, campesinas, movimiento que sorprendi\u00f3 al mundo\u201d, dice.<\/p>\n\n\n\n<p>Flavio Sosa remata:<\/p>\n\n\n\n<p>\u201cLa izquierda no tiene un referente s\u00f3lido y Morena sigue siendo un referente electoral, por eso es que muy importante llevar mensaje a la militancia, hay que virar a la izquierda\u201d.<\/p>\n\n\n\n<figure class=\"wp-block-embed-twitter wp-block-embed is-type-rich is-provider-twitter\"><div class=\"wp-block-embed__wrapper\">\n<div class=\"twitter-tweet\"><blockquote class=\"twitter-tweet\" data-lang=\"es\"><p lang=\"es\" dir=\"ltr\"><a href=\"https:\/\/twitter.com\/hashtag\/ENVIVO?src=hash&amp;ref_src=twsrc%5Etfw\">#ENVIVO<\/a><br>Oaxaca de Ju\u00e1rez, Oax.. 20 de septiembre de 2020.- Conferencia de prensa de <a href=\"https:\/\/twitter.com\/flaviososavilla?ref_src=twsrc%5Etfw\">@flaviososavilla<\/a>, aspirante a la Secretar\u00eda General del Partido Morena a nivel nacional.<br><br>Aqu\u00ed la transmisi\u00f3n: <br>\ud83d\udc47<a href=\"https:\/\/t.co\/MjuGkrA6NK\">https:\/\/t.co\/MjuGkrA6NK<\/a> <a href=\"https:\/\/t.co\/mRzBlgEhVH\">pic.twitter.com\/mRzBlgEhVH<\/a><\/p>&mdash; Zona Roja Oaxaca (@MexRoja) <a href=\"https:\/\/twitter.com\/MexRoja\/status\/1307703335961714689?ref_src=twsrc%5Etfw\">20 de septiembre de 2020<\/a><\/blockquote><\/div>\n<\/div><\/figure>\n","protected":false},"excerpt":{"rendered":"<p>Ismael Garc\u00eda M.\/Zona Roja. Oaxaca de Ju\u00e1rez, Oax., 20 de septiembre de 2020.- \u201cY nosotros,&hellip;<\/p>\n","protected":false},"author":2,"featured_media":17837,"comment_status":"closed","ping_status":"open","sticky":false,"template":"","format":"standard","meta":{"_lmt_disableupdate":"","_lmt_disable":"","_jetpack_memberships_contains_paid_content":false,"footnotes":""},"categories":[109,46],"tags":[685],"class_list":["post-17836","post","type-post","status-publish","format-standard","has-post-thumbnail","hentry","category-minuto-a-minuto","category-zona-blanca","tag-flavio-sosa-villavicencio"],"jetpack_featured_media_url":"https:\/\/zonaroja.com.mx\/wp-content\/uploads\/2020\/09\/Flavio-Sosa-conferencia.png","jetpack_sharing_enabled":true,"_links":{"self":[{"href":"https:\/\/zonaroja.com.mx\/index.php?rest_route=\/wp\/v2\/posts\/17836","targetHints":{"allow":["GET"]}}],"collection":[{"href":"https:\/\/zonaroja.com.mx\/index.php?rest_route=\/wp\/v2\/posts"}],"about":[{"href":"https:\/\/zonaroja.com.mx\/index.php?rest_route=\/wp\/v2\/types\/post"}],"author":[{"embeddable":true,"href":"https:\/\/zonaroja.com.mx\/index.php?rest_route=\/wp\/v2\/users\/2"}],"replies":[{"embeddable":true,"href":"https:\/\/zonaroja.com.mx\/index.php?rest_route=%2Fwp%2Fv2%2Fcomments&post=17836"}],"version-history":[{"count":2,"href":"https:\/\/zonaroja.com.mx\/index.php?rest_route=\/wp\/v2\/posts\/17836\/revisions"}],"predecessor-version":[{"id":17843,"href":"https:\/\/zonaroja.com.mx\/index.php?rest_route=\/wp\/v2\/posts\/17836\/revisions\/17843"}],"wp:featuredmedia":[{"embeddable":true,"href":"https:\/\/zonaroja.com.mx\/index.php?rest_route=\/wp\/v2\/media\/17837"}],"wp:attachment":[{"href":"https:\/\/zonaroja.com.mx\/index.php?rest_route=%2Fwp%2Fv2%2Fmedia&parent=17836"}],"wp:term":[{"taxonomy":"category","embeddable":true,"href":"https:\/\/zonaroja.com.mx\/index.php?rest_route=%2Fwp%2Fv2%2Fcategories&post=17836"},{"taxonomy":"post_tag","embeddable":true,"href":"https:\/\/zonaroja.com.mx\/index.php?rest_route=%2Fwp%2Fv2%2Ftags&post=17836"}],"curies":[{"name":"wp","href":"https:\/\/api.w.org\/{rel}","templated":true}]}}