{"id":17839,"date":"2020-09-21T09:00:10","date_gmt":"2020-09-21T14:00:10","guid":{"rendered":"http:\/\/www.zonaroja.com.mx\/?p=17839"},"modified":"2020-09-21T08:12:42","modified_gmt":"2020-09-21T13:12:42","slug":"gobernabilidad-en-entredicho-retenciones-cada-vez-mas-frecuentes","status":"publish","type":"post","link":"https:\/\/zonaroja.com.mx\/?p=17839","title":{"rendered":"\u00bfHay gobernabilidad en Oaxaca?; retenciones, cada vez m\u00e1s frecuentes"},"content":{"rendered":"\n<p>Ismael Garc\u00eda M.\/Zona Roja.<\/p>\n\n\n\n<p>Oaxaca de Ju\u00e1rez, Oax., 21 de septiembre de 2020.- \u00bfHay gobernabilidad en Oaxaca? La respuesta est\u00e1 en entredicho, pues los actos de violencia en el estado son cada vez m\u00e1s frecuentes y aunque muchos casos son de competencia local, necesariamente el impacto es estatal. <\/p>\n\n\n\n<p>Apenas a mediados de la semana que termin\u00f3, un grupo de ind\u00edgenas triquis de Llano del Nopal, del municipio de Tlaxiaco, retuvo por varias horas a una partida de la Guardia Nacional; un enviado de gobierno arrib\u00f3 a la zona, pero estuvo a punto de correr la misma suerte.<\/p>\n\n\n\n<p>La retenci\u00f3n como un acto de justicia por propia mano, o como un acto desesperado para obligar a las autoridades al cumplimiento de sus obligaciones en la aplicaci\u00f3n&nbsp; de recursos, soluci\u00f3n a problemas sociales o agrarios, se ha convertido en una situaci\u00f3n cada vez m\u00e1s constante en Oaxaca.<\/p>\n\n\n\n<p>Pero a pesar de los riesgos que se presentan durante estos actos, realizado con violencia en varios casos, el gobierno estatal muestra resistencia, apat\u00eda, o ignora los hechos que han afectado a ciudadanos, autoridades municipales, estatales, personal m\u00e9dico y elementos policiales.<\/p>\n\n\n\n<p>Desde inicios de a\u00f1o, a esta fecha, se han registrado al menos una docena de actos que violan los derechos humanos, que terminan siempre en el perd\u00f3n y no ante la justicia, alentando m\u00e1s la impunidad.<\/p>\n\n\n\n<p>\u00bfY LA SEGEGO?<\/p>\n\n\n\n<p>\u00bfY la Secretar\u00eda General de Gobierno? La instancia sobre la que recae la pol\u00edtica interna del estado, a cargo de H\u00e9ctor Anuar Mafud Mafud, se excusa que muchas de las problem\u00e1ticas son responsabilidad de otras \u00e1reas del gobierno o son de competencia municipal.<\/p>\n\n\n\n<p>Muchas tambi\u00e9n son adrede, por pugnas pol\u00edticas en el interior del gabinete de Alejandro Murat, o desde pol\u00edticos o legisladores priistas que ven desde ah\u00ed un trampol\u00edn para sus fines proselitistas y electorales; un \u00e1rea en que para ellos la gobernabilidad pasa a segundo t\u00e9rmino y s\u00f3lo les importa un control m\u00e1s en el ya de por s\u00ed desvencijado gobierno.<\/p>\n\n\n\n<p>Nadie duda de la experiencia y capacidad de Mafud; un hombre que lo mismo ha sido diputado local que dirigente del PRI, que ha presidido la Secretar\u00eda General de Gobierno en tres sexenios, que adem\u00e1s ha sido magistrado y presidente del Tribunal Superior de Justicia.<\/p>\n\n\n\n<p>Salinacrucense que entre sus allegados presume que no lleg\u00f3 al puesto para enriquecerse ni se ha llenado de bienes. No obstante, un sector gubernamental lo torpedea y no hay d\u00eda que, por las razones que sean, no haya movilizaciones.<\/p>\n\n\n\n<p>Las organizaciones sociales son cada vez m\u00e1s, en lugar de disminuir; las protestas no respetan ni a la pandemia; las agencias cada vez m\u00e1s exigen recursos a sus cabeceras municipales y, lo m\u00e1s preocupante, cada vez lo hacen con mayor violencia, y ahora con retenciones.<\/p>\n\n\n\n<p>CUENTO DE NUNCA ACABAR<\/p>\n\n\n\n<p>Un recuento de la reportera Yurdiana Sosa, de ZONA ROJA, refiere que el 4 de enero comenzaron las retenciones, con unos 12 elementos de la Polic\u00eda Estatal en la comunidad de La Cuarta, el municipio de Villa Sola de Vega, cuando al perseguir a un grupo armado, la comunidad les detuvo el paso.<\/p>\n\n\n\n<p>A finales de enero, estall\u00f3 un problema pol\u00edtico-social en el municipio de Ayotzintepec, en la regi\u00f3n de la Cuenca, donde sus habitantes retuvieron en la c\u00e1rcel local al\u00a0 presidente municipal, V\u00edctor Mendoza Velasco, y a 16 personas m\u00e1s, para exigir a la Secretar\u00eda General de Gobierno su presencia, pues desconoc\u00edan a su edil.<\/p>\n\n\n\n<p>El pasado 1 de abril, habitantes del municipio de Santiago Astata, que no simpatizan con el edil Geovanny Ric\u00e1rdez Medina, retuvieron a un individuo del grupo de seguidores del presidente municipal&nbsp; y lo encarcelaron, como acto de protesta en rechazo a la ejecuci\u00f3n de \u00f3rdenes de aprehensi\u00f3n por parte de la Agencia Estatal de Investigaciones contra personas que no son afines al primer concejal.<\/p>\n\n\n\n<p>En medio de la pandemia, el personal del sector salud tambi\u00e9n comenz\u00f3 a sufrir por este tipo de actos por su labor m\u00e9dica; el 9 de abril personal m\u00e9dico del Hospital Rural del IMSS de San Idelfonso Villa Alta denunci\u00f3 la violaci\u00f3n a su derecho al libre tr\u00e1nsito ante el impedimento de las autoridades de la localidad para retirarse del lugar con el argumento que eran medidas para evitar la propagaci\u00f3n del Covid-19.<\/p>\n\n\n\n<p>El 9 de mayo, el presidente municipal de Mat\u00edas Romero Avenda\u00f1o, en la regi\u00f3n del Istmo, Alfredo Ju\u00e1rez D\u00edaz \u2013ya fallecido&#8211;, fue retenido junto con sus colaboradores por pobladores de la agencia Colonia Cuauht\u00e9moc cuando repart\u00eda despensas s\u00f3lo los habitantes afines al partido Morena, como ayuda por la contingencia. Como parte de la negociaci\u00f3n para la liberaci\u00f3n, el edil ofreci\u00f3 una patrulla municipal que tambi\u00e9n fue retenida.<\/p>\n\n\n\n<p>NI SALUD SE SALVA<\/p>\n\n\n\n<p>En la comunidad de La Joya del municipio de Santa Mar\u00eda Jacatepec, en la regi\u00f3n Cuenca, el pasado 20 de mayo unas 12 personas, entre m\u00e9dicos y enfermeras del Centro de Salud, funcionarios municipales y polic\u00edas, fueron retenidos por la comunidad.<\/p>\n\n\n\n<p>Los habitantes rechazaron el diagn\u00f3stico sobre la defunci\u00f3n por Covid-19 de una persona, as\u00ed como las medidas de sanidad que en reiteradas ocasiones difund\u00eda el personal y las autoridades municipales, pues no cre\u00edan en la enfermedad.<\/p>\n\n\n\n<p>En tanto, el 27 mayo de forma violenta pobladores del municipio San Antonio de la Cal, en los Valles Centrales, retuvieron a cuatro trabajadores de los Servicios de Salud de Oaxaca que realizaban labores de limpieza, pues manifestaban que a trav\u00e9s del l\u00edquido que rociar\u00edan en las calles esparcir\u00edan en virus. Para su liberaci\u00f3n y rescate arrib\u00f3 la Polic\u00eda Estatal de la Secretar\u00eda de Seguridad P\u00fablica (SSPO).<\/p>\n\n\n\n<p>Los actos violentos por retenciones continuaron el 14 de julio en Santiago Comaltepec, en la Sierra Norte, donde sus habitantes detuvieron a dos presuntos responsables del robo de un cami\u00f3n volteo, los cuales mantuvieron retenidos para exigir la intervenci\u00f3n inmediata de la Secretar\u00eda General de Gobierno y del titular de la Secretar\u00eda de Seguridad P\u00fablica, Ra\u00fal Ernesto Salcedo.<\/p>\n\n\n\n<p>Entre los hechos m\u00e1s extensos de retenci\u00f3n que se han registrado este a\u00f1o, sobresale el de la privaci\u00f3n de la libertad de 12 habitantes de San Mart\u00edn Peras por parte de pobladores de Santos Reyes Zochiquilazala, del municipio de Santiago Juxtlahuaca, el pasado 30 de julio.<\/p>\n\n\n\n<p>Los habitantes permanecieron&nbsp; dos semanas en poder de sus vecinos, con quienes mantienen a\u00f1ejos conflictos de l\u00edmites territoriales, pero que durante la retenci\u00f3n los habitantes de Juquila exigieron recursos p\u00fablicos y obras p\u00fablicas.<\/p>\n\n\n\n<p>El 20 de agosto nuevamente se registra otra retenci\u00f3n, ahora por habitantes de la agencia de San Juan Cuitito, del municipio de Tezoatl\u00e1n de Segura y Luna, en la regi\u00f3n Mixteca; primero \u201ctomaron\u201d el palacio municipal y posteriormente retuvieron a integrantes del Cabildo y una decena de servidores p\u00fablicos para exigir la entrega de los recursos p\u00fablico y obras de beneficio social. Pero por esos hechos se not\u00f3 la nula intervenci\u00f3n de la Secretar\u00eda General de Gobierno de Oaxaca (Segego).<\/p>\n\n\n\n<p>Este acto tambi\u00e9n fue implementado por transportistas de las regiones de la Costa y de la Mixteca el pasado 4 de septiembre. En el primer caso para los choferes de taxis del municipio de Pinotepa Nacional retuvieron al subsecretario de la Secretar\u00eda de Movilidad, Mario Alberto Guzm\u00e1n Jaime, por la falta de soluci\u00f3n a los problemas en el transporte, mientras que en Huajuapan de Le\u00f3n, a funcionarios Fiscal\u00eda General de Oaxaca.<\/p>\n\n\n\n<p>As\u00ed tambi\u00e9n, el pasado 7 de septiembre, Alexa Cisneros R\u00edos, presidenta municipal de Tezoatl\u00e1n de Segura y Luna, de la regi\u00f3n de la Mixteca, fue privada de su libertad junto a su secretaria municipal, Briana Morales Reyes, por&nbsp; pobladores de la agencia de Yucuquimi de Ocampo, para exigirle entrega de los recursos de los Ramos 28 y 33 correspondiente al ejercicio social 2019 y 2020.&nbsp;<\/p>\n\n\n\n<p>La presidenta fue liberada luego de tres d\u00edas y por intervenci\u00f3n de una mesa de negociaci\u00f3n de la Segego con el grupo de inconformes encabezaos por la agenta municipal Elo\u00edna Le\u00f3n V\u00e1squez y adheridos al Movimiento Agrario Ind\u00edgena Zapatista (MAIZ), que dirige Omar Esparza.<\/p>\n\n\n\n<p>Un hecho particular es del municipio de San Miguel Chimalapa en la regi\u00f3n del Istmo, quienes desde finales de agosto sufren de un \u201csecuestro\u201d ante la obstrucci\u00f3n de la \u00fanica vialidad de acceso y salida por parte de vecinos de las agencias municipales, quienes tambi\u00e9n exigen dinero p\u00fablico para obras.<\/p>\n\n\n\n<p>\u00bfSE QUEDA O SE VA?<\/p>\n\n\n\n<p>Es largo el recuento de la violencia social sigue al alza. Por cualquier motivo, la moneda de cambio es la vida humana; las retenciones ya no son por unas horas, sino por d\u00edas, o por semanas.<\/p>\n\n\n\n<p>Apenas tambi\u00e9n la semana pasada, culminaron 23 d\u00edas de bloqueo carretero a la cabecera de San Miguel Chimalapa, sin salida ni entrada de sus pobladores, que ya se quejaban de desabasto e incremento de enfermos.<\/p>\n\n\n\n<p>Pero, insistimos, muchos actos son alentados desde el interior del gabinete de Alejandro Murat. Alguien quiere la cabeza y el puesto de Mafud Mafud y \u00e9ste, de tanto ob\u00fas, se ha desgastado.<\/p>\n\n\n\n<p>Al gobernador s\u00f3lo le quedan dos opciones, si quiere terminar mediamente bien en materia de pol\u00edtica interna: o le da todo el respaldo a Mafud y para los ataques, o lo reemplaza pero a la voz de ya.<\/p>\n","protected":false},"excerpt":{"rendered":"<p>Ismael Garc\u00eda M.\/Zona Roja. Oaxaca de Ju\u00e1rez, Oax., 21 de septiembre de 2020.- \u00bfHay gobernabilidad&hellip;<\/p>\n","protected":false},"author":2,"featured_media":7610,"comment_status":"closed","ping_status":"open","sticky":false,"template":"","format":"standard","meta":{"_lmt_disableupdate":"","_lmt_disable":"","_jetpack_memberships_contains_paid_content":false,"footnotes":""},"categories":[456,109,48],"tags":[1353],"class_list":["post-17839","post","type-post","status-publish","format-standard","has-post-thumbnail","hentry","category-columna","category-minuto-a-minuto","category-zona-critica","tag-opinion-zona-critica"],"jetpack_featured_media_url":"https:\/\/zonaroja.com.mx\/wp-content\/uploads\/2020\/01\/Opini\u00f3n-Zona-Cr\u00edtica.jpg","jetpack_sharing_enabled":true,"_links":{"self":[{"href":"https:\/\/zonaroja.com.mx\/index.php?rest_route=\/wp\/v2\/posts\/17839","targetHints":{"allow":["GET"]}}],"collection":[{"href":"https:\/\/zonaroja.com.mx\/index.php?rest_route=\/wp\/v2\/posts"}],"about":[{"href":"https:\/\/zonaroja.com.mx\/index.php?rest_route=\/wp\/v2\/types\/post"}],"author":[{"embeddable":true,"href":"https:\/\/zonaroja.com.mx\/index.php?rest_route=\/wp\/v2\/users\/2"}],"replies":[{"embeddable":true,"href":"https:\/\/zonaroja.com.mx\/index.php?rest_route=%2Fwp%2Fv2%2Fcomments&post=17839"}],"version-history":[{"count":3,"href":"https:\/\/zonaroja.com.mx\/index.php?rest_route=\/wp\/v2\/posts\/17839\/revisions"}],"predecessor-version":[{"id":17854,"href":"https:\/\/zonaroja.com.mx\/index.php?rest_route=\/wp\/v2\/posts\/17839\/revisions\/17854"}],"wp:featuredmedia":[{"embeddable":true,"href":"https:\/\/zonaroja.com.mx\/index.php?rest_route=\/wp\/v2\/media\/7610"}],"wp:attachment":[{"href":"https:\/\/zonaroja.com.mx\/index.php?rest_route=%2Fwp%2Fv2%2Fmedia&parent=17839"}],"wp:term":[{"taxonomy":"category","embeddable":true,"href":"https:\/\/zonaroja.com.mx\/index.php?rest_route=%2Fwp%2Fv2%2Fcategories&post=17839"},{"taxonomy":"post_tag","embeddable":true,"href":"https:\/\/zonaroja.com.mx\/index.php?rest_route=%2Fwp%2Fv2%2Ftags&post=17839"}],"curies":[{"name":"wp","href":"https:\/\/api.w.org\/{rel}","templated":true}]}}