{"id":17844,"date":"2020-09-20T21:50:31","date_gmt":"2020-09-21T02:50:31","guid":{"rendered":"http:\/\/www.zonaroja.com.mx\/?p=17844"},"modified":"2020-09-20T21:50:41","modified_gmt":"2020-09-21T02:50:41","slug":"cierra-semana-en-semaforo-naranja-con-33-fallecimientos-y-629-positivos-por-covid","status":"publish","type":"post","link":"https:\/\/zonaroja.com.mx\/?p=17844","title":{"rendered":"Cierra semana en sem\u00e1foro naranja con 33 fallecimientos y 629 positivos por Covid"},"content":{"rendered":"\n<p>Redacci\u00f3n\/Zona Roja.<\/p>\n\n\n\n<p>Oaxaca de Ju\u00e1rez, Oax., 20 de septiembre de 2020.- En Oaxaca, la primera semana de vuelta al sem\u00e1foro epidemiol\u00f3gico en color naranja, termin\u00f3 con 33 personas fallecidas y 629 casos positivos a Covid-19-<\/p>\n\n\n\n<p>Es decir, un promedio de 4.7 fallecimientos y 89.8 contagios cada d\u00eda, de acuerdo con un recuento con base en las cifras de los Servicios de Salud de Oaxaca (SSO).<\/p>\n\n\n\n<p>En tanto, al corte epidemiol\u00f3gico de este 20 de septiembre, el secretario de Salud, Donato Casas Escamilla, inform\u00f3 que se contabilizaron 158 casos nuevos de Covid-19, que suman 15 mil 532 acumulados desde el inicio de la pandemia.<\/p>\n\n\n\n<p>Se\u00f1al\u00f3 que hasta este domingo se han descartado un total de seis mil 859 personas como portadores del virus, 736 est\u00e1n como sospechosos en espera de resultados y 13 mil 584 pacientes se han recuperado de la enfermedad.<\/p>\n\n\n\n<p>En un comunicado, expuso que tambi\u00e9n se tiene el reporte de un deceso en esta jornada, con lo que suman mil 392 defunciones; y hay 556 casos activos.<\/p>\n\n\n\n<figure class=\"wp-block-embed-twitter wp-block-embed is-type-rich is-provider-twitter\"><div class=\"wp-block-embed__wrapper\">\n<div class=\"twitter-tweet\"><blockquote class=\"twitter-tweet\" data-lang=\"es\"><p lang=\"es\" dir=\"ltr\">Al corte de este domingo 20 de septiembre, 45 municipios de <a href=\"https:\/\/twitter.com\/hashtag\/Oaxaca?src=hash&amp;ref_src=twsrc%5Etfw\">#Oaxaca<\/a> sumaron nuevos casos positivos de <a href=\"https:\/\/twitter.com\/hashtag\/COVID19?src=hash&amp;ref_src=twsrc%5Etfw\">#COVID19<\/a>.<br><br>Prot\u00e9gete de esta nueva enfermedad con el uso de <a href=\"https:\/\/twitter.com\/hashtag\/Cubrebocas?src=hash&amp;ref_src=twsrc%5Etfw\">#Cubrebocas<\/a>, <a href=\"https:\/\/twitter.com\/hashtag\/LavadoDeManos?src=hash&amp;ref_src=twsrc%5Etfw\">#LavadoDeManos<\/a> frecuente y <a href=\"https:\/\/twitter.com\/hashtag\/SanaDistancia?src=hash&amp;ref_src=twsrc%5Etfw\">#SanaDistancia<\/a>.<br>Si te cuidas t\u00fa, nos cuidas a todas y todos. <a href=\"https:\/\/t.co\/9Ck3q0ThYF\">pic.twitter.com\/9Ck3q0ThYF<\/a><\/p>&mdash; Servicios de Salud (@SSO_GobOax) <a href=\"https:\/\/twitter.com\/SSO_GobOax\/status\/1307851672002072581?ref_src=twsrc%5Etfw\">21 de septiembre de 2020<\/a><\/blockquote><\/div>\n<\/div><\/figure>\n\n\n\n<p>Dio a conocer que la Jurisdicci\u00f3n Sanitaria de Valles Centrales a la fecha registra 10 mil 361 confirmados y 673 defunciones; Tuxtepec mil 664 y 239 muertes; Istmo mil 559 y 271 perdidas fatales; Mixteca 996 y 95 v\u00edctimas letales; Costa 673 y 73 fallecimientos, y Sierra 279 y 41 defunciones acumuladas.<\/p>\n\n\n\n<p>El titular de los Servicios de Salud de Oaxaca (SSO) se\u00f1al\u00f3 que los casos nuevos, se encuentran distribuidos en 45 municipios: 37 en Oaxaca de Ju\u00e1rez, 25 en la Heroica Cuidad de Huajuapan de Le\u00f3n, 11 en San Juan Bautista Tuxtepec, ocho en Santa Cruz Xoxocotl\u00e1n, cinco en Santa Luc\u00eda del Camino y Santiago Juxtlahuaca, el resto presenta cuatro, tres, dos y un reporte.<\/p>\n\n\n\n<p>Agreg\u00f3 que de los casos positivos en este corte epidemiol\u00f3gico suman 748 m\u00e9dicos, 984 personal de enfermer\u00eda y 721 de otros perfiles del sector Salud.<\/p>\n\n\n\n<p>En relaci\u00f3n a la ocupaci\u00f3n hospitalaria, enfatiz\u00f3 que se tiene un 32.6% global, del cual el 38.8% son camas sin ventilador y el 22.4% con equipo de asistencia ventilatoria.<\/p>\n\n\n\n<figure class=\"wp-block-embed-twitter wp-block-embed is-type-rich is-provider-twitter\"><div class=\"wp-block-embed__wrapper\">\n<div class=\"twitter-tweet\"><blockquote class=\"twitter-tweet\" data-lang=\"es\"><p lang=\"es\" dir=\"ltr\">Gracias a las acciones de mitigaci\u00f3n que hemos seguido de manera disciplinada, esta semana se redujo el n\u00famero de contagios y de hospitalizaciones por COVID-19. Sigamos extremando cuidados y recomendaciones para privilegiar la salud de todas y todos. <a href=\"https:\/\/t.co\/gOjOHSK3Cq\">pic.twitter.com\/gOjOHSK3Cq<\/a><\/p>&mdash; Alejandro Murat (@alejandromurat) <a href=\"https:\/\/twitter.com\/alejandromurat\/status\/1307832013878067201?ref_src=twsrc%5Etfw\">21 de septiembre de 2020<\/a><\/blockquote><\/div>\n<\/div><\/figure>\n\n\n\n<p>HAY DESCENSOS: MURAT<\/p>\n\n\n\n<p>A su vez, tambi\u00e9n en un comunicado, con base en un video posteado en redes sociales, el gobernador Alejandro Murat Hinojosa dio a conocer que esta semana, comparada con la pasada, se tuvo una reducci\u00f3n del 23% en el n\u00famero de contagios de Covid-19; asimismo, se logr\u00f3 reducir a 193 el n\u00famero de hospitalizaciones, la cual estaba por encima de los 400 antes del \u201cReto 40 d\u00edas por Oaxaca\u201d.<\/p>\n\n\n\n<p>Reconoci\u00f3 a las familias oaxaque\u00f1as que han seguido de manera disciplinada las medidas de mitigaci\u00f3n contra el Covid-19, as\u00ed como a los municipios que se sumaron a celebrar las Fiestas Patrias desde casa.<\/p>\n\n\n\n<p>\u201cGracias al esfuerzo de la sociedad, estamos generando la seguridad que queremos para nuestras familias\u201d, asever\u00f3.<\/p>\n\n\n\n<p>De igual manera, Murat Hinojosa inform\u00f3 sobre el reconocimiento que el Gobierno Federal hizo en conferencia de prensa, al trabajo de las brigadas \u201cTe quiero con salud\u201d, resultado del esfuerzo de los Servicios de Salud de Oaxaca (SSO) con los municipios y la ciudadan\u00eda.<\/p>\n\n\n\n<p>\u201cDesde nuestras colonias y barrios estamos enfrentando los brotes, generando la informaci\u00f3n para reducir el n\u00famero de contagios. Seguiremos trabajando y recuerden, si te cuidas t\u00fa, nos cuidamos todos\u201d, finaliz\u00f3 el gobernador.<\/p>\n","protected":false},"excerpt":{"rendered":"<p>Redacci\u00f3n\/Zona Roja. Oaxaca de Ju\u00e1rez, Oax., 20 de septiembre de 2020.- En Oaxaca, la primera&hellip;<\/p>\n","protected":false},"author":2,"featured_media":17845,"comment_status":"closed","ping_status":"open","sticky":false,"template":"","format":"standard","meta":{"_lmt_disableupdate":"","_lmt_disable":"","_jetpack_memberships_contains_paid_content":false,"footnotes":""},"categories":[109,47],"tags":[1512],"class_list":["post-17844","post","type-post","status-publish","format-standard","has-post-thumbnail","hentry","category-minuto-a-minuto","category-zona-gris","tag-coronavirus-oaxaca"],"jetpack_featured_media_url":"https:\/\/zonaroja.com.mx\/wp-content\/uploads\/2020\/09\/SSO-1-5-1.jpeg","jetpack_sharing_enabled":true,"_links":{"self":[{"href":"https:\/\/zonaroja.com.mx\/index.php?rest_route=\/wp\/v2\/posts\/17844","targetHints":{"allow":["GET"]}}],"collection":[{"href":"https:\/\/zonaroja.com.mx\/index.php?rest_route=\/wp\/v2\/posts"}],"about":[{"href":"https:\/\/zonaroja.com.mx\/index.php?rest_route=\/wp\/v2\/types\/post"}],"author":[{"embeddable":true,"href":"https:\/\/zonaroja.com.mx\/index.php?rest_route=\/wp\/v2\/users\/2"}],"replies":[{"embeddable":true,"href":"https:\/\/zonaroja.com.mx\/index.php?rest_route=%2Fwp%2Fv2%2Fcomments&post=17844"}],"version-history":[{"count":1,"href":"https:\/\/zonaroja.com.mx\/index.php?rest_route=\/wp\/v2\/posts\/17844\/revisions"}],"predecessor-version":[{"id":17846,"href":"https:\/\/zonaroja.com.mx\/index.php?rest_route=\/wp\/v2\/posts\/17844\/revisions\/17846"}],"wp:featuredmedia":[{"embeddable":true,"href":"https:\/\/zonaroja.com.mx\/index.php?rest_route=\/wp\/v2\/media\/17845"}],"wp:attachment":[{"href":"https:\/\/zonaroja.com.mx\/index.php?rest_route=%2Fwp%2Fv2%2Fmedia&parent=17844"}],"wp:term":[{"taxonomy":"category","embeddable":true,"href":"https:\/\/zonaroja.com.mx\/index.php?rest_route=%2Fwp%2Fv2%2Fcategories&post=17844"},{"taxonomy":"post_tag","embeddable":true,"href":"https:\/\/zonaroja.com.mx\/index.php?rest_route=%2Fwp%2Fv2%2Ftags&post=17844"}],"curies":[{"name":"wp","href":"https:\/\/api.w.org\/{rel}","templated":true}]}}