{"id":17850,"date":"2020-09-21T08:02:40","date_gmt":"2020-09-21T13:02:40","guid":{"rendered":"http:\/\/www.zonaroja.com.mx\/?p=17850"},"modified":"2020-09-21T08:02:46","modified_gmt":"2020-09-21T13:02:46","slug":"cuadernos-de-la-pandemia-y-el-retorno-de-oaxaca-al-semaforo-naranja","status":"publish","type":"post","link":"https:\/\/zonaroja.com.mx\/?p=17850","title":{"rendered":"\u201cCuadernos de la Pandemia\u201d y el retorno de Oaxaca al sem\u00e1foro naranja"},"content":{"rendered":"\n<p>Evlin Arag\u00f3n\/Zona Roja.<\/p>\n\n\n\n<p>Oaxaca de Ju\u00e1rez, Oax., 21 de septiembre de 2020.- La descoordinaci\u00f3n de las autoridades de los tres niveles de gobierno ha quedado al descubierto con el regreso de Oaxaca al color naranja en el sem\u00e1foro epidemiol\u00f3gico, que da cuenta del riesgo permanente de contagios en la emergencia sanitaria por Covid-19 que est\u00e1 pr\u00f3xima a cumplir los seis meses.<\/p>\n\n\n\n<p>As\u00ed lo refiere el onceavo n\u00famero de \u201cCuadernos de la Pandemia\u201d, revista digital que en esta ocasi\u00f3n reflexiona sobre la falta de una estrategia efectiva para evitar el desbordamiento de contagios y fallecimientos en la entidad.<\/p>\n\n\n\n<p>De acuerdo con quienes coordinan esta edici\u00f3n, en la actualidad se ha hecho evidente el escaso compromiso desde las altas esferas del Poder Ejecutivo estatal para dotar de suficientes medicamentos, infraestructura y los insumos m\u00e1s esenciales a los hospitales Covid y su personal m\u00e9dico.<\/p>\n\n\n\n<p>Sin dejar de nombrar los discursos enga\u00f1osos, as\u00ed como las medidas de prevenci\u00f3n y blindaje sanitario no obligatorios para la poblaci\u00f3n, de forma particular en la capital y zona conurbada, que han sido utilizados para contener la pandemia sin ning\u00fan tipo de resultado.&nbsp;<\/p>\n\n\n\n<p>\u201cEn el caso de Oaxaca, sus autoridades a nivel estatal y municipal no han sido lo suficientemente autocr\u00edticas, y mucho menos humildes, para reconocer fallas y omisiones y, en esa medida, tomar al toro por los cuernos para dar la batalla en todos los frentes y con la sociedad por delante, en contra de la pandemia\u201d, refiere la publicaci\u00f3n.<\/p>\n\n\n\n<p>Por el contrario, autoridades y pueblos ind\u00edgenas han dado ejemplo de unidad, conciencia social y organizaci\u00f3n para blindarse de los contagios y mantener un n\u00famero reducido de casos confirmados y defunciones.<\/p>\n\n\n\n<p>La opacidad y los negocios que se vienen haciendo desde diversas secretar\u00edas y oficinas p\u00fablicas con el pretexto de apoyar a la poblaci\u00f3n, el impacto que tendr\u00e1 el presupuesto educativo 2021 en la vida escolar y sindical de Oaxaca, as\u00ed como las tribulaciones que hoy viven las y los migrantes, son temas que tambi\u00e9n se abordan en este n\u00famero.&nbsp;<\/p>\n\n\n\n<p>Isidoro Yescas, Claudio S\u00e1nchez Islas, Mark Overmyer-Vel\u00e1squez, Pedro Mat\u00edas, Jorge Hern\u00e1ndez D\u00edaz, Octavio V\u00e9lez Ascensio, Carlos Sorroza Polo, Samael Hern\u00e1ndez Ruiz, Bartolom\u00e9 Rodolfo Navarro Jim\u00e9nez, Jorge Bueno S\u00e1nchez y Manuel Matus Manzo, son las plumas que participan en esta edici\u00f3n.&nbsp;<\/p>\n\n\n\n<p>\u201cUn z\u00f3calo privatizado para beneficio de una vallistocracia rapaz\u201d; \u201c\u00bfDe qui\u00e9n es el Z\u00f3calo de Oaxaca?\u201d; y \u201cEl valor pol\u00edtico de los espacios p\u00fablicos en la ciudad de Oaxaca\u201d, son los tres textos que conforman el primer cap\u00edtulo titulado \u201cZ\u00f3calo: La disputa por los espacios p\u00fablicos\u201d.<\/p>\n\n\n\n<p>\u201cA la sombra de la pandemia se multiplican los negocios con recursos p\u00fablicos\u201d; \u201c\u00bfY qui\u00e9n se ocupa de los migrantes?\u201d; \u201cLa \u2018nueva normalidad\u2019 en la Iglesia Cat\u00f3lica de Oaxaca\u201d; y \u201cLa participaci\u00f3n comunitaria y los retos sanitarios en AL y M\u00e9xico\u201d, conforman el segundo cap\u00edtulo nombrado \u201cEn sem\u00e1foro rojo\u201d.<\/p>\n\n\n\n<p>El tercer y \u00faltimo cap\u00edtulo titulado \u201cEducaci\u00f3n y cultura popular\u201d incluyen los textos: \u201cPresupuesto educativo austero con escenarios de conflicto sindical\u201d; \u201cEducaci\u00f3n m\u00e9dica en tiempos de Covid-19\u201d; \u201cLa sal desinfecta\u2026 y tambi\u00e9n la cebolla\u201d; y \u201cNegaci\u00f3n y falsedad: ganarle a la pandemia\u201d.&nbsp;<\/p>\n\n\n\n<p>Aqu\u00ed puede consultar la edici\u00f3n digital:<\/p>\n\n\n\n<figure class=\"wp-block-embed\"><div class=\"wp-block-embed__wrapper\">\nhttps:\/\/indd.adobe.com\/view\/debe7e03-2649-47c2-8439-5520ba0e4dc9\n<\/div><\/figure>\n","protected":false},"excerpt":{"rendered":"<p>Evlin Arag\u00f3n\/Zona Roja. Oaxaca de Ju\u00e1rez, Oax., 21 de septiembre de 2020.- La descoordinaci\u00f3n de&hellip;<\/p>\n","protected":false},"author":2,"featured_media":17851,"comment_status":"closed","ping_status":"open","sticky":false,"template":"","format":"standard","meta":{"_lmt_disableupdate":"","_lmt_disable":"","_jetpack_memberships_contains_paid_content":false,"footnotes":""},"categories":[109,46],"tags":[1655],"class_list":["post-17850","post","type-post","status-publish","format-standard","has-post-thumbnail","hentry","category-minuto-a-minuto","category-zona-blanca","tag-cuadernos-de-la-pandemia"],"jetpack_featured_media_url":"https:\/\/zonaroja.com.mx\/wp-content\/uploads\/2020\/09\/Cuadernos-de-la-pandemia-11.jpg","jetpack_sharing_enabled":true,"_links":{"self":[{"href":"https:\/\/zonaroja.com.mx\/index.php?rest_route=\/wp\/v2\/posts\/17850","targetHints":{"allow":["GET"]}}],"collection":[{"href":"https:\/\/zonaroja.com.mx\/index.php?rest_route=\/wp\/v2\/posts"}],"about":[{"href":"https:\/\/zonaroja.com.mx\/index.php?rest_route=\/wp\/v2\/types\/post"}],"author":[{"embeddable":true,"href":"https:\/\/zonaroja.com.mx\/index.php?rest_route=\/wp\/v2\/users\/2"}],"replies":[{"embeddable":true,"href":"https:\/\/zonaroja.com.mx\/index.php?rest_route=%2Fwp%2Fv2%2Fcomments&post=17850"}],"version-history":[{"count":1,"href":"https:\/\/zonaroja.com.mx\/index.php?rest_route=\/wp\/v2\/posts\/17850\/revisions"}],"predecessor-version":[{"id":17852,"href":"https:\/\/zonaroja.com.mx\/index.php?rest_route=\/wp\/v2\/posts\/17850\/revisions\/17852"}],"wp:featuredmedia":[{"embeddable":true,"href":"https:\/\/zonaroja.com.mx\/index.php?rest_route=\/wp\/v2\/media\/17851"}],"wp:attachment":[{"href":"https:\/\/zonaroja.com.mx\/index.php?rest_route=%2Fwp%2Fv2%2Fmedia&parent=17850"}],"wp:term":[{"taxonomy":"category","embeddable":true,"href":"https:\/\/zonaroja.com.mx\/index.php?rest_route=%2Fwp%2Fv2%2Fcategories&post=17850"},{"taxonomy":"post_tag","embeddable":true,"href":"https:\/\/zonaroja.com.mx\/index.php?rest_route=%2Fwp%2Fv2%2Ftags&post=17850"}],"curies":[{"name":"wp","href":"https:\/\/api.w.org\/{rel}","templated":true}]}}