{"id":17855,"date":"2020-09-21T09:53:29","date_gmt":"2020-09-21T14:53:29","guid":{"rendered":"http:\/\/www.zonaroja.com.mx\/?p=17855"},"modified":"2020-09-21T09:53:33","modified_gmt":"2020-09-21T14:53:33","slug":"de-oaxaca-para-el-mundo-concierto-de-lujo-con-talento-oaxaqueno","status":"publish","type":"post","link":"https:\/\/zonaroja.com.mx\/?p=17855","title":{"rendered":"\u201cDe Oaxaca para el mundo\u201d, concierto de lujo con talento oaxaque\u00f1o"},"content":{"rendered":"\n<p>Evlin Arag\u00f3n\/Zona Roja.<\/p>\n\n\n\n<p>Oaxaca de Ju\u00e1rez, Oax., 21 de septiembre de 2020.- La soprano Mar\u00eda Reyna y el tenor Rodrigo Petate reunieron sus voces y talento para participar este domingo en el concierto denominado \u201cDe Oaxaca para el mundo\u201d, que fue transmitido por la Corporaci\u00f3n Oaxaque\u00f1a de Radio y Televisi\u00f3n (Cortv), como un regalo para las y los oaxaque\u00f1os en tiempos pand\u00e9micos.&nbsp;<\/p>\n\n\n\n<p>El atrio de la iglesia de Santo Domingo de Guzm\u00e1n fue sede de tan maravillosa reuni\u00f3n, en la que se hicieron acompa\u00f1ar de la Camerata Oaxaca, dirigida por Erick Garc\u00eda, y cuyos integrantes lograron acoplarse de forma perfecta a las voces ya reconocidas a nivel local, nacional e internacional.&nbsp;<\/p>\n\n\n\n<p>\u201cEn este d\u00eda queremos hacerles este regalo, en este lugar tan bello el atrio de la iglesia de Santo Domingo. Es un regalo que hacemos dedicado a todas las personas que luchan cada d\u00eda por la vida, por la salud, por hacernos felices y contagiarnos de estas ganas de vivir\u201d, refiri\u00f3 el joven tenor.&nbsp;&nbsp;<\/p>\n\n\n\n<p>Manifest\u00f3 que en momentos tan dif\u00edciles como los que se viven actualmente, derivados de la contingencia sanitaria, que se ha extendido ya por seis meses, es necesario alimentar el alma y el esp\u00edritu por medio de la m\u00fasica hecha por oaxaque\u00f1as y oaxaque\u00f1os.&nbsp;<\/p>\n\n\n\n<p>\u201cGracias a mis hermanos que nos escuchan, gracias a los oaxaque\u00f1os\u201d, expreso en su lengua materna la soprano mixe, reconocida justamente por llevar su canto en lenguas ind\u00edgenas por todo el mundo.&nbsp;<\/p>\n\n\n\n<p>No hab\u00eda mejor canci\u00f3n para iniciar el recital que la \u201cCanci\u00f3n Mixteca\u201d de Jos\u00e9 L\u00f3pez Alav\u00e9s, la cual cont\u00f3 con los arreglos del maestro Margarito Maya y la estupenda interpretaci\u00f3n inicial de Mar\u00eda Reyna, que, ataviada en un traje con bordados tradicionales, hizo vibrar a m\u00e1s de una persona que la escucho.\u00a0<\/p>\n\n\n\n<figure class=\"wp-block-embed-twitter wp-block-embed is-type-rich is-provider-twitter\"><div class=\"wp-block-embed__wrapper\">\n<div class=\"twitter-tweet\"><blockquote class=\"twitter-tweet\" data-lang=\"es\"><p lang=\"es\" dir=\"ltr\"><a href=\"https:\/\/twitter.com\/hashtag\/HechoEnOaxaca?src=hash&amp;ref_src=twsrc%5Etfw\">#HechoEnOaxaca<\/a> <br>\u00a1Ya est\u00e1 el concierto! Disfruta de las voces del tenor <a href=\"https:\/\/twitter.com\/PetateRodrigo?ref_src=twsrc%5Etfw\">@PetateRodrigo<\/a> y la soprano <a href=\"https:\/\/twitter.com\/mariareynaof?ref_src=twsrc%5Etfw\">@mariareynaof<\/a>, acompa\u00f1ados por la Camerata Oaxaca, a trav\u00e9s de la <a href=\"https:\/\/twitter.com\/cortv?ref_src=twsrc%5Etfw\">@cortv<\/a> y redes sociales <br><br>\u00a1Disfrute! \ud83d\udc47<a href=\"https:\/\/t.co\/4BsAToHCfY\">https:\/\/t.co\/4BsAToHCfY<\/a> <a href=\"https:\/\/t.co\/uiO7cOgpWX\">pic.twitter.com\/uiO7cOgpWX<\/a><\/p>&mdash; Zona Roja Oaxaca (@MexRoja) <a href=\"https:\/\/twitter.com\/MexRoja\/status\/1307822251534954496?ref_src=twsrc%5Etfw\">20 de septiembre de 2020<\/a><\/blockquote><\/div>\n<\/div><\/figure>\n\n\n\n<p>Con una potente y conmovedora interpretaci\u00f3n la soprano demostr\u00f3 por qu\u00e9 se ha convertido en una de las mejores voces oaxaque\u00f1as en la actualidad, para despu\u00e9s ser acompa\u00f1ada por el talento del tenor Rodrigo Petate con quien enunci\u00f3 la ic\u00f3nica frase \u201cy al verme tan s\u00f3lo y triste cual hoja al viento, quisiera llorar, quisiera morir de sentimiento\u201d.&nbsp;<\/p>\n\n\n\n<p>Posteriormente y portando un tradicional rebozo, la soprano inicio con los acordes vocales de \u201cLa Llorona\u201d canci\u00f3n tradicional con arreglos igualmente de Margarito Maya, la cual se escuch\u00f3 completamente en lengua ind\u00edgena lo que hizo a\u00fan m\u00e1s significativa la interpretaci\u00f3n.&nbsp;&nbsp;<\/p>\n\n\n\n<p>No pod\u00eda faltar \u201cLa Sandunga\u201d canci\u00f3n tradicional istme\u00f1a, con arreglos de Agust\u00edn Pe\u00f1uelas y una estupenda interpretaci\u00f3n del tenor oaxaque\u00f1o, que en cada una de las notas demostraba su calidad vocal y por qu\u00e9 ha sido invitado a festivales internacionales.&nbsp;<\/p>\n\n\n\n<p>\u201cAy! Sandunga, Sandunga mam\u00e1 por Dios, Sandunga no seas ingrata, mam\u00e1 de mi coraz\u00f3n\u201d retumb\u00f3 en el atrio de Santo Domingo con la potente voz de Rodrigo Petate y un maravilloso acompa\u00f1amiento de cuerdas de la Camerata Oaxaca.<\/p>\n\n\n\n<p>No hay mejor canci\u00f3n para concluir un recital oaxaque\u00f1o, que \u201cDios nunca muere\u201d de Macedonio Alcal\u00e1, con arreglos de Jos\u00e9 Manuel Cruz, por medio de la cual ambos artistas lograron emocionar con su interpretaci\u00f3n, su calidad vocal y su impresionante talento.&nbsp;<\/p>\n\n\n\n<p>El concierto fue aplaudido a trav\u00e9s de las redes sociales de la Cortv, que dirige Mart\u00edn V\u00e1squez Villanueva, donde decenas de personas reconocieron la interpretaci\u00f3n y el talento de ambos artistas en la transmisi\u00f3n que fue compartida en m\u00e1s de 400 ocasiones en sus primeras horas de publicaci\u00f3n.&nbsp;&nbsp;<\/p>\n","protected":false},"excerpt":{"rendered":"<p>Evlin Arag\u00f3n\/Zona Roja. Oaxaca de Ju\u00e1rez, Oax., 21 de septiembre de 2020.- La soprano Mar\u00eda&hellip;<\/p>\n","protected":false},"author":2,"featured_media":17856,"comment_status":"closed","ping_status":"open","sticky":false,"template":"","format":"standard","meta":{"_lmt_disableupdate":"","_lmt_disable":"","_jetpack_memberships_contains_paid_content":false,"footnotes":""},"categories":[109,46],"tags":[393,1958],"class_list":["post-17855","post","type-post","status-publish","format-standard","has-post-thumbnail","hentry","category-minuto-a-minuto","category-zona-blanca","tag-concierto-soprano-maria-reyna-oaxaca","tag-tenor-rodrigo-petate"],"jetpack_featured_media_url":"https:\/\/zonaroja.com.mx\/wp-content\/uploads\/2020\/09\/Rodrigo-Petate-y-Maria-Reyna.png","jetpack_sharing_enabled":true,"_links":{"self":[{"href":"https:\/\/zonaroja.com.mx\/index.php?rest_route=\/wp\/v2\/posts\/17855","targetHints":{"allow":["GET"]}}],"collection":[{"href":"https:\/\/zonaroja.com.mx\/index.php?rest_route=\/wp\/v2\/posts"}],"about":[{"href":"https:\/\/zonaroja.com.mx\/index.php?rest_route=\/wp\/v2\/types\/post"}],"author":[{"embeddable":true,"href":"https:\/\/zonaroja.com.mx\/index.php?rest_route=\/wp\/v2\/users\/2"}],"replies":[{"embeddable":true,"href":"https:\/\/zonaroja.com.mx\/index.php?rest_route=%2Fwp%2Fv2%2Fcomments&post=17855"}],"version-history":[{"count":1,"href":"https:\/\/zonaroja.com.mx\/index.php?rest_route=\/wp\/v2\/posts\/17855\/revisions"}],"predecessor-version":[{"id":17857,"href":"https:\/\/zonaroja.com.mx\/index.php?rest_route=\/wp\/v2\/posts\/17855\/revisions\/17857"}],"wp:featuredmedia":[{"embeddable":true,"href":"https:\/\/zonaroja.com.mx\/index.php?rest_route=\/wp\/v2\/media\/17856"}],"wp:attachment":[{"href":"https:\/\/zonaroja.com.mx\/index.php?rest_route=%2Fwp%2Fv2%2Fmedia&parent=17855"}],"wp:term":[{"taxonomy":"category","embeddable":true,"href":"https:\/\/zonaroja.com.mx\/index.php?rest_route=%2Fwp%2Fv2%2Fcategories&post=17855"},{"taxonomy":"post_tag","embeddable":true,"href":"https:\/\/zonaroja.com.mx\/index.php?rest_route=%2Fwp%2Fv2%2Ftags&post=17855"}],"curies":[{"name":"wp","href":"https:\/\/api.w.org\/{rel}","templated":true}]}}