{"id":1786,"date":"2019-06-23T20:50:08","date_gmt":"2019-06-24T01:50:08","guid":{"rendered":"http:\/\/www.zonaroja.com.mx\/?p=1786"},"modified":"2019-06-23T20:50:10","modified_gmt":"2019-06-24T01:50:10","slug":"domingo-rojo-tres-asesinados-dos-policias-heridos-y-taxi-robado","status":"publish","type":"post","link":"https:\/\/zonaroja.com.mx\/?p=1786","title":{"rendered":"Domingo rojo: tres asesinados, dos polic\u00edas heridos y taxi robado"},"content":{"rendered":"\n<p>Ismael\nGarc\u00eda M.<\/p>\n\n\n\n<p>Oaxaca de\nJu\u00e1rez, Oax., 23 de junio de 2019.- La entidad oaxaque\u00f1a vivi\u00f3 otra jornada\nsangrienta, a menos de un mes de las fiestas de la Guelaguetza. Este domingo\ntres personas fueron asesinadas, dos en la Cuenca y una en el Istmo de\nTehuantepec, mientras que dos polic\u00edas municipales fueron atacados a balazos,\nadem\u00e1s del robo violento de un taxi.<\/p>\n\n\n\n<p>Cerca de las\n16:00 horas de hoy, en la comunidad de vista Hermosa, del municipio de San\nLucas Ojitl\u00e1n, fueron localizados los cuerpos sin vida de dos personas, una de\nellas femenina, que presentan heridas producidas por machete.<\/p>\n\n\n\n<p>Fueron\nhallados en un camino que conduce de la localidad de Yucat\u00e1n a Vista Hermosa,\nseparados uno del otro por unos 600 metros, seg\u00fan los primeros reportes de la\nVicefiscal\u00eda Regional de la Cuenca. <\/p>\n\n\n\n<p>Fueron\nidentificados como Perfecto Pereda Ter\u00e1n, de 70 A\u00f1os de edad, y Guadalupe Nolasco\nMonta\u00f1o, de 71 a\u00f1os de edad quienes eran pareja. Hasta el momento se desconoce\nal o los presuntos responsables del doble homicidio.<\/p>\n\n\n\n<p>En Santo\nDomingo Tehuantepec, un individuo fue asesinado de un balazo en el pecho,\ncuando viajaba a bordo de su motocicleta. Los hechos, seg\u00fan informes de la Vicefiscal\u00eda\nRegional del Istmo, ocurrieron en el paraje \u201cEl Cairo\u201d.<\/p>\n\n\n\n<p>La v\u00edctima\nfue identificada \u00fanicamente como Marco, con domicilio en Santa Mar\u00eda\nMixtequilla, seg\u00fan inform\u00f3 su pareja, de nombre Cleotilde.<\/p>\n\n\n\n<p>En la ciudad\ny Puerto de Salina Cruz, sujetos armados robaron con violencia un taxi, sobre\nla calle Constancia del barrio Espinal. Al menos dos sujetos dispararon en\ncontra del taxista, lo bajaron de la unidad con n\u00famero econ\u00f3mico 118 y se la\nllevaron con rumbo desconocido.<\/p>\n\n\n\n<p>Mientras que\nSan Pedro Ixcatl\u00e1n, regi\u00f3n de la Cuenca, sujetos desconocidos agredieron a\npolic\u00edas municipales en la localidad de Tilpan, seg\u00fan confirm\u00f3 el edil Bartolo\nCarrera Palacios. <\/p>\n\n\n\n<p>Resultaron\nheridos Maximino Margarito Hern\u00e1ndez, de 26 a\u00f1os de edad, y Aniceto Florentino\nPineda, de 37a\u00f1os; otros uniformados pudieron lograr detener a quien se\nidentific\u00f3 como Aniceto F. R., como probable responsable de la agresi\u00f3n.<\/p>\n\n\n\n<p>Los heridos\nfueron llevados al hospital general de San Juan Bautista Tuxtepec.<\/p>\n","protected":false},"excerpt":{"rendered":"<p>Ismael Garc\u00eda M. Oaxaca de Ju\u00e1rez, Oax., 23 de junio de 2019.- La entidad oaxaque\u00f1a&hellip;<\/p>\n","protected":false},"author":2,"featured_media":1787,"comment_status":"closed","ping_status":"open","sticky":false,"template":"","format":"standard","meta":{"_lmt_disableupdate":"","_lmt_disable":"","_jetpack_memberships_contains_paid_content":false,"footnotes":""},"categories":[109,51],"tags":[132,208,209,125],"class_list":["post-1786","post","type-post","status-publish","format-standard","has-post-thumbnail","hentry","category-minuto-a-minuto","category-zona-roja","tag-asesinatos","tag-guelaguetza-2019","tag-san-lucas-ojitlan","tag-santo-domingo-tehuantepec"],"jetpack_featured_media_url":"https:\/\/zonaroja.com.mx\/wp-content\/uploads\/2019\/06\/IMG_2483.jpg","jetpack_sharing_enabled":true,"_links":{"self":[{"href":"https:\/\/zonaroja.com.mx\/index.php?rest_route=\/wp\/v2\/posts\/1786","targetHints":{"allow":["GET"]}}],"collection":[{"href":"https:\/\/zonaroja.com.mx\/index.php?rest_route=\/wp\/v2\/posts"}],"about":[{"href":"https:\/\/zonaroja.com.mx\/index.php?rest_route=\/wp\/v2\/types\/post"}],"author":[{"embeddable":true,"href":"https:\/\/zonaroja.com.mx\/index.php?rest_route=\/wp\/v2\/users\/2"}],"replies":[{"embeddable":true,"href":"https:\/\/zonaroja.com.mx\/index.php?rest_route=%2Fwp%2Fv2%2Fcomments&post=1786"}],"version-history":[{"count":1,"href":"https:\/\/zonaroja.com.mx\/index.php?rest_route=\/wp\/v2\/posts\/1786\/revisions"}],"predecessor-version":[{"id":1788,"href":"https:\/\/zonaroja.com.mx\/index.php?rest_route=\/wp\/v2\/posts\/1786\/revisions\/1788"}],"wp:featuredmedia":[{"embeddable":true,"href":"https:\/\/zonaroja.com.mx\/index.php?rest_route=\/wp\/v2\/media\/1787"}],"wp:attachment":[{"href":"https:\/\/zonaroja.com.mx\/index.php?rest_route=%2Fwp%2Fv2%2Fmedia&parent=1786"}],"wp:term":[{"taxonomy":"category","embeddable":true,"href":"https:\/\/zonaroja.com.mx\/index.php?rest_route=%2Fwp%2Fv2%2Fcategories&post=1786"},{"taxonomy":"post_tag","embeddable":true,"href":"https:\/\/zonaroja.com.mx\/index.php?rest_route=%2Fwp%2Fv2%2Ftags&post=1786"}],"curies":[{"name":"wp","href":"https:\/\/api.w.org\/{rel}","templated":true}]}}