{"id":17860,"date":"2020-09-21T10:06:12","date_gmt":"2020-09-21T15:06:12","guid":{"rendered":"http:\/\/www.zonaroja.com.mx\/?p=17860"},"modified":"2020-09-21T10:06:15","modified_gmt":"2020-09-21T15:06:15","slug":"pide-congreso-de-oaxaca-a-conagua-respeto-a-decreto-de-agua-para-ocotlan-y-zimatlan","status":"publish","type":"post","link":"https:\/\/zonaroja.com.mx\/?p=17860","title":{"rendered":"Pide Congreso de Oaxaca a Conagua respeto a decreto de agua para Ocotl\u00e1n y Zimatl\u00e1n"},"content":{"rendered":"\n<p>Yuridiana Sosa\/Zona Roja.<\/p>\n\n\n\n<p>Oaxaca de Ju\u00e1rez, Oax., 17 de septiembre de 2020-. El Congreso de Oaxaca aprob\u00f3 un exhorto para que la Comisi\u00f3n Nacional del Agua y la Consejer\u00eda Jur\u00eddica del Ejecutivo estatal cumplan con el decreto por el que se establece como zona reglamentada la correspondiente al acu\u00edfero \u00abValles Centrales\u00bb, para el valle de Ocotl\u00e1n y Zimatl\u00e1n.<\/p>\n\n\n\n<p>Las Comisiones Unidas de Agua y Saneamiento y de Pueblos Ind\u00edgenas y Afromexicanos presentaron el dictamen que fue aprobado el pasado 15 de septiembre con 29 votos a favor, para que las autoridades cumplan los acuerdos de la consulta entre las comunidades y pueblos ind\u00edgenas zapotecas.<\/p>\n\n\n\n<p>La consulta se realiz\u00f3 derivado de la sentencia del 8 de abril de 2013 por la Primera Sala Regional Metropolitana del Tribunal Federal de Justicia Fiscal y Administrativa, en la que entre los acuerdos se estableci\u00f3 que la Comisi\u00f3n Nacional del Agua otorgar\u00e1 concesiones para el aprovechamiento de aguas nacionales del subsuelo para el uso agr\u00edcola y pecuario a las 16 comunidades sujetos del proceso de consulta, en el que se acord\u00f3 el volumen de agua subterr\u00e1nea que les ser\u00e1 otorgado<\/p>\n\n\n\n<p>As\u00ed como las autoridades o representantes de las Comunidades del Valle de Oaxaca Sujetos del proceso de consulta, informar\u00e1n a la Comisi\u00f3n Nacional del Agua, sobre los aprovechamientos de los pozos y vol\u00famenes de extracci\u00f3n por cada uno de estos, para uso agr\u00edcola o pecuario que realicen, mediante informes peri\u00f3dicos, entre otros acuerdos que permiten a las comunidades hacer uso del agua.<\/p>\n","protected":false},"excerpt":{"rendered":"<p>Yuridiana Sosa\/Zona Roja. Oaxaca de Ju\u00e1rez, Oax., 17 de septiembre de 2020-. El Congreso de&hellip;<\/p>\n","protected":false},"author":2,"featured_media":17861,"comment_status":"closed","ping_status":"open","sticky":false,"template":"","format":"standard","meta":{"_lmt_disableupdate":"","_lmt_disable":"","_jetpack_memberships_contains_paid_content":false,"footnotes":""},"categories":[109,46],"tags":[1686],"class_list":["post-17860","post","type-post","status-publish","format-standard","has-post-thumbnail","hentry","category-minuto-a-minuto","category-zona-blanca","tag-comision-nacional-del-agua-conagua"],"jetpack_featured_media_url":"https:\/\/zonaroja.com.mx\/wp-content\/uploads\/2020\/09\/Agua-valle-de-Ocotlan-scaled.jpg","jetpack_sharing_enabled":true,"_links":{"self":[{"href":"https:\/\/zonaroja.com.mx\/index.php?rest_route=\/wp\/v2\/posts\/17860","targetHints":{"allow":["GET"]}}],"collection":[{"href":"https:\/\/zonaroja.com.mx\/index.php?rest_route=\/wp\/v2\/posts"}],"about":[{"href":"https:\/\/zonaroja.com.mx\/index.php?rest_route=\/wp\/v2\/types\/post"}],"author":[{"embeddable":true,"href":"https:\/\/zonaroja.com.mx\/index.php?rest_route=\/wp\/v2\/users\/2"}],"replies":[{"embeddable":true,"href":"https:\/\/zonaroja.com.mx\/index.php?rest_route=%2Fwp%2Fv2%2Fcomments&post=17860"}],"version-history":[{"count":1,"href":"https:\/\/zonaroja.com.mx\/index.php?rest_route=\/wp\/v2\/posts\/17860\/revisions"}],"predecessor-version":[{"id":17862,"href":"https:\/\/zonaroja.com.mx\/index.php?rest_route=\/wp\/v2\/posts\/17860\/revisions\/17862"}],"wp:featuredmedia":[{"embeddable":true,"href":"https:\/\/zonaroja.com.mx\/index.php?rest_route=\/wp\/v2\/media\/17861"}],"wp:attachment":[{"href":"https:\/\/zonaroja.com.mx\/index.php?rest_route=%2Fwp%2Fv2%2Fmedia&parent=17860"}],"wp:term":[{"taxonomy":"category","embeddable":true,"href":"https:\/\/zonaroja.com.mx\/index.php?rest_route=%2Fwp%2Fv2%2Fcategories&post=17860"},{"taxonomy":"post_tag","embeddable":true,"href":"https:\/\/zonaroja.com.mx\/index.php?rest_route=%2Fwp%2Fv2%2Ftags&post=17860"}],"curies":[{"name":"wp","href":"https:\/\/api.w.org\/{rel}","templated":true}]}}