{"id":17863,"date":"2020-09-21T16:54:27","date_gmt":"2020-09-21T21:54:27","guid":{"rendered":"http:\/\/www.zonaroja.com.mx\/?p=17863"},"modified":"2020-09-21T16:54:30","modified_gmt":"2020-09-21T21:54:30","slug":"higo-del-valle-proveniente-de-santiago-apostol-sera-sembrado-en-el-zocalo","status":"publish","type":"post","link":"https:\/\/zonaroja.com.mx\/?p=17863","title":{"rendered":"Higo del valle, proveniente de Santiago Ap\u00f3stol ser\u00e1 sembrado en el z\u00f3calo"},"content":{"rendered":"\n<p>Evlin Arag\u00f3n\/Zona Roja.<\/p>\n\n\n\n<p>Oaxaca de Ju\u00e1rez, Oax., 21 de septiembre de 2020.- \u201cPara aminorar la tristeza. La @FundacionAHHO @MAmbienteFAHHO trabajan en el banqueo de una higuera del Valle, que sustituir\u00e1 uno de los \u00e1rboles ca\u00eddos del z\u00f3calo de #Oaxaca. Con la anuencia de las autoridades de Santiago Ap\u00f3stol\u201d.&nbsp;<\/p>\n\n\n\n<p>Fueron las palabras que transmiti\u00f3 a trav\u00e9s de las redes sociales la presidenta de la Fundaci\u00f3n Alfredo Harp Hel\u00fa, Isabel Gra\u00f1\u00e9n Porr\u00faa, con las que confirm\u00f3 que participaran en los trabajos para plantar otro \u00e1rbol en el z\u00f3calo de la ciudad, luego de que dos ejemplares cayeran en d\u00edas recientes.<\/p>\n\n\n\n<p>La publicaci\u00f3n fue acompa\u00f1ada con una fotograf\u00eda en la que se ve por los menos a ocho personas trabajando de forma comprometida, con la finalidad de no lastimar el ejemplar en el momento de sacarlo de su h\u00e1bitat para trasladarlo al Centro Hist\u00f3rico, denominado como Patrimonio Mundial de la Humanidad.&nbsp;<\/p>\n\n\n\n<p>La semana pasada, el representante de la Fundaci\u00f3n Alfredo Harp Hel\u00fa en su vertiente de cuidado al medio ambiente, Felix Pi\u00f1eiro M\u00e1rquez, anunci\u00f3 sobre la posibilidad de plantar un higo del Valle, en el espacio que qued\u00f3 disponible luego de la ca\u00edda del primero de los dos ejemplares que se vinieron abajo en el z\u00f3calo.<\/p>\n\n\n\n<figure class=\"wp-block-embed-twitter wp-block-embed is-type-rich is-provider-twitter\"><div class=\"wp-block-embed__wrapper\">\n<div class=\"twitter-tweet\"><blockquote class=\"twitter-tweet\" data-lang=\"es\"><p lang=\"es\" dir=\"ltr\">Para aminorar la tristeza. La <a href=\"https:\/\/twitter.com\/FundacionAHHO?ref_src=twsrc%5Etfw\">@FundacionAHHO<\/a> <a href=\"https:\/\/twitter.com\/MAmbienteFAHHO?ref_src=twsrc%5Etfw\">@MAmbienteFAHHO<\/a> trabajan en el banqueo de una higuera del Valle, que sustituir\u00e1 uno de los \u00e1rboles ca\u00eddos del z\u00f3calo de <a href=\"https:\/\/twitter.com\/hashtag\/Oaxaca?src=hash&amp;ref_src=twsrc%5Etfw\">#Oaxaca<\/a>. Con la anuencia de las autoridades de Santiago Ap\u00f3stol. <a href=\"https:\/\/t.co\/bfmnyOO8pg\">pic.twitter.com\/bfmnyOO8pg<\/a><\/p>&mdash; ISABEL GRA\u00d1EN PORRUA (@isabelgporrua) <a href=\"https:\/\/twitter.com\/isabelgporrua\/status\/1307722734798020609?ref_src=twsrc%5Etfw\">20 de septiembre de 2020<\/a><\/blockquote><\/div>\n<\/div><\/figure>\n\n\n\n<p>\u201cAqu\u00ed en Valles Centrales nos van a donar un higo del valle, estamos viendo eso ahorita, ya ayer mandamos los camiones para limpiar la jardinera. Estamos trabajando en ello, vamos a cambiar el sustrato, anclarlo bien y estamos viendo de donde vamos a traerlo\u201d, refiri\u00f3 en un encuentro con los medios de comunicaci\u00f3n.&nbsp;<\/p>\n\n\n\n<p>Aunque en un inicio asegur\u00f3 que manten\u00edan pl\u00e1ticas con la poblaci\u00f3n de La Raya Zimatl\u00e1n, la presidenta de la Fundaci\u00f3n Harp Hel\u00fa, confirm\u00f3 que fueron las autoridades de Santiago Ap\u00f3stol las que solidariamente respaldaron la propuesta de trasladar el ejemplar.<\/p>\n\n\n\n<p>Pi\u00f1eiro M\u00e1rquez se comprometi\u00f3 a realizar un trabajo serio y responsable para evitar el riesgo de la poblaci\u00f3n y contribuir en el embellecimiento sustentable de la plaza m\u00e1s importante de la entidad, por lo que previamente han estado limpiando y saneando la jardinera que ser\u00e1 hogar del higo del valle.&nbsp;<\/p>\n\n\n\n<p>Se espera que, en los pr\u00f3ximos d\u00edas, la Fundaci\u00f3n Alfredo Harp Hel\u00fa con el respaldo de la autoridad municipal, puedan sembrar el ejemplar que le regresar\u00eda lo mejor de la vista al Palacio de Gobierno, ubicado en el coraz\u00f3n de la ciudad, que a pesar de estar constantemente tomado por las organizaciones sociales, no deja de ser un gran atractivo tur\u00edstico y punto de reuni\u00f3n para miles de oaxaque\u00f1a y oaxaque\u00f1os.&nbsp;<\/p>\n","protected":false},"excerpt":{"rendered":"<p>Evlin Arag\u00f3n\/Zona Roja. Oaxaca de Ju\u00e1rez, Oax., 21 de septiembre de 2020.- \u201cPara aminorar la&hellip;<\/p>\n","protected":false},"author":2,"featured_media":17864,"comment_status":"closed","ping_status":"open","sticky":false,"template":"","format":"standard","meta":{"_lmt_disableupdate":"","_lmt_disable":"","_jetpack_memberships_contains_paid_content":false,"footnotes":""},"categories":[109,52],"tags":[693],"class_list":["post-17863","post","type-post","status-publish","format-standard","has-post-thumbnail","hentry","category-minuto-a-minuto","category-zona-verde","tag-fundacion-alfredo-harp-helu"],"jetpack_featured_media_url":"https:\/\/zonaroja.com.mx\/wp-content\/uploads\/2020\/09\/Higo-del-Valle.jpg","jetpack_sharing_enabled":true,"_links":{"self":[{"href":"https:\/\/zonaroja.com.mx\/index.php?rest_route=\/wp\/v2\/posts\/17863","targetHints":{"allow":["GET"]}}],"collection":[{"href":"https:\/\/zonaroja.com.mx\/index.php?rest_route=\/wp\/v2\/posts"}],"about":[{"href":"https:\/\/zonaroja.com.mx\/index.php?rest_route=\/wp\/v2\/types\/post"}],"author":[{"embeddable":true,"href":"https:\/\/zonaroja.com.mx\/index.php?rest_route=\/wp\/v2\/users\/2"}],"replies":[{"embeddable":true,"href":"https:\/\/zonaroja.com.mx\/index.php?rest_route=%2Fwp%2Fv2%2Fcomments&post=17863"}],"version-history":[{"count":1,"href":"https:\/\/zonaroja.com.mx\/index.php?rest_route=\/wp\/v2\/posts\/17863\/revisions"}],"predecessor-version":[{"id":17865,"href":"https:\/\/zonaroja.com.mx\/index.php?rest_route=\/wp\/v2\/posts\/17863\/revisions\/17865"}],"wp:featuredmedia":[{"embeddable":true,"href":"https:\/\/zonaroja.com.mx\/index.php?rest_route=\/wp\/v2\/media\/17864"}],"wp:attachment":[{"href":"https:\/\/zonaroja.com.mx\/index.php?rest_route=%2Fwp%2Fv2%2Fmedia&parent=17863"}],"wp:term":[{"taxonomy":"category","embeddable":true,"href":"https:\/\/zonaroja.com.mx\/index.php?rest_route=%2Fwp%2Fv2%2Fcategories&post=17863"},{"taxonomy":"post_tag","embeddable":true,"href":"https:\/\/zonaroja.com.mx\/index.php?rest_route=%2Fwp%2Fv2%2Ftags&post=17863"}],"curies":[{"name":"wp","href":"https:\/\/api.w.org\/{rel}","templated":true}]}}