{"id":17870,"date":"2020-09-21T19:49:24","date_gmt":"2020-09-22T00:49:24","guid":{"rendered":"http:\/\/www.zonaroja.com.mx\/?p=17870"},"modified":"2020-09-21T19:49:28","modified_gmt":"2020-09-22T00:49:28","slug":"a-una-decada-mujeres-triquis-exigen-justicia-y-regreso-a-sus-comunidades","status":"publish","type":"post","link":"https:\/\/zonaroja.com.mx\/?p=17870","title":{"rendered":"A una d\u00e9cada, mujeres triquis exigen justicia y regreso a sus comunidades"},"content":{"rendered":"\n<p>Yuridiana Sosa\/Zona Roja.<\/p>\n\n\n\n<p>Oaxaca de Ju\u00e1rez, Oax., 21 de septiembre de 2020.- A 10 a\u00f1os del desplazamiento forzado de decenas de familias de San Juan Copala a la capital de Oaxaca, en busca de refugio y justicia por el ataque armado, las mujeres manifestaron que \u201cnuestras demandas como nuestra dignidad siguen intactas\u201d.<\/p>\n\n\n\n<p>Lideradas por Reyna Mart\u00ednez, un grupo de mujeres triquis exigi\u00f3 una vez m\u00e1s el cumplimiento de medidas cautelares y denunci\u00f3 una serie de atropellos que el gobierno estatal ha cometido, as\u00ed como el desinter\u00e9s del gobierno federal para dar soluci\u00f3n a su problema.<\/p>\n\n\n\n<p>Desde el ataque paramilitar a la fecha, se\u00f1alaron, se han cometido una serie de violaciones a sus derechos humanos, sinti\u00e9ndose invisibles ante el Estado mexicano, por lo que no se cansan de denunciar omisiones.<\/p>\n\n\n\n<figure class=\"wp-block-embed-twitter wp-block-embed is-type-rich is-provider-twitter\"><div class=\"wp-block-embed__wrapper\">\n<div class=\"twitter-tweet\"><blockquote class=\"twitter-tweet\" data-lang=\"es\"><p lang=\"es\" dir=\"ltr\">Al cumplirse 10 a\u00f1os de exilio, esta ma\u00f1ana, desplazados de Copala, Juxtlahuaca, Oaxaca, encabezados por Reyna Mart\u00ednez, demandaron el retorno a sus comunidades y justicia por las agresiones; negaron que haya apoyos para ellos por parte del gobierno. <a href=\"https:\/\/t.co\/qF0gvLwlZp\">pic.twitter.com\/qF0gvLwlZp<\/a><\/p>&mdash; Zona Roja Oaxaca (@MexRoja) <a href=\"https:\/\/twitter.com\/MexRoja\/status\/1308126355251494914?ref_src=twsrc%5Etfw\">21 de septiembre de 2020<\/a><\/blockquote><\/div>\n<\/div><\/figure>\n\n\n\n<p>\u201cHemos resistido y desde hace 10 a\u00f1os nuestras demandas como nuestra dignidad siguen intactas\u201d, expusieron las mujeres, que junto con sus hijos han vivido en un campamento en el z\u00f3calo y debajo del Palacio de Gobierno.<\/p>\n\n\n\n<p>Negaron que en el transcurso de esta d\u00e9cada hayan recibido verdaderos apoyos, por el contrario, dijo, el gobierno del estado ha querido dividir o comparar su lucha de desplazados con despensas y d\u00e1divas insuficientes para vivir, por lo que exigen condiciones para el regreso a su comunidad en la regi\u00f3n Mixteca.<\/p>\n\n\n\n<p>Actualmente, agreg\u00f3, no existen mesas de trabajo ni di\u00e1logo con el gobierno de Alejandro Murat Hinojosa que den seguimiento a sus demandas.<\/p>\n","protected":false},"excerpt":{"rendered":"<p>Yuridiana Sosa\/Zona Roja. Oaxaca de Ju\u00e1rez, Oax., 21 de septiembre de 2020.- A 10 a\u00f1os&hellip;<\/p>\n","protected":false},"author":2,"featured_media":17871,"comment_status":"closed","ping_status":"open","sticky":false,"template":"","format":"standard","meta":{"_lmt_disableupdate":"","_lmt_disable":"","_jetpack_memberships_contains_paid_content":false,"footnotes":""},"categories":[109,47],"tags":[2037],"class_list":["post-17870","post","type-post","status-publish","format-standard","has-post-thumbnail","hentry","category-minuto-a-minuto","category-zona-gris","tag-indigenas-triquis-copala"],"jetpack_featured_media_url":"https:\/\/zonaroja.com.mx\/wp-content\/uploads\/2020\/09\/Conferencia-de-prensa-triquis-Reyna.jpg","jetpack_sharing_enabled":true,"_links":{"self":[{"href":"https:\/\/zonaroja.com.mx\/index.php?rest_route=\/wp\/v2\/posts\/17870","targetHints":{"allow":["GET"]}}],"collection":[{"href":"https:\/\/zonaroja.com.mx\/index.php?rest_route=\/wp\/v2\/posts"}],"about":[{"href":"https:\/\/zonaroja.com.mx\/index.php?rest_route=\/wp\/v2\/types\/post"}],"author":[{"embeddable":true,"href":"https:\/\/zonaroja.com.mx\/index.php?rest_route=\/wp\/v2\/users\/2"}],"replies":[{"embeddable":true,"href":"https:\/\/zonaroja.com.mx\/index.php?rest_route=%2Fwp%2Fv2%2Fcomments&post=17870"}],"version-history":[{"count":1,"href":"https:\/\/zonaroja.com.mx\/index.php?rest_route=\/wp\/v2\/posts\/17870\/revisions"}],"predecessor-version":[{"id":17872,"href":"https:\/\/zonaroja.com.mx\/index.php?rest_route=\/wp\/v2\/posts\/17870\/revisions\/17872"}],"wp:featuredmedia":[{"embeddable":true,"href":"https:\/\/zonaroja.com.mx\/index.php?rest_route=\/wp\/v2\/media\/17871"}],"wp:attachment":[{"href":"https:\/\/zonaroja.com.mx\/index.php?rest_route=%2Fwp%2Fv2%2Fmedia&parent=17870"}],"wp:term":[{"taxonomy":"category","embeddable":true,"href":"https:\/\/zonaroja.com.mx\/index.php?rest_route=%2Fwp%2Fv2%2Fcategories&post=17870"},{"taxonomy":"post_tag","embeddable":true,"href":"https:\/\/zonaroja.com.mx\/index.php?rest_route=%2Fwp%2Fv2%2Ftags&post=17870"}],"curies":[{"name":"wp","href":"https:\/\/api.w.org\/{rel}","templated":true}]}}