{"id":17876,"date":"2020-09-21T21:33:57","date_gmt":"2020-09-22T02:33:57","guid":{"rendered":"http:\/\/www.zonaroja.com.mx\/?p=17876"},"modified":"2020-09-21T21:34:01","modified_gmt":"2020-09-22T02:34:01","slug":"la-amic-y-ciudadania-bachean-pero-ayuntamiento-de-oaxaca-multa-accion","status":"publish","type":"post","link":"https:\/\/zonaroja.com.mx\/?p=17876","title":{"rendered":"La AMIC y ciudadan\u00eda bachean; pero ayuntamiento de Oaxaca multa acci\u00f3n"},"content":{"rendered":"\n<p>Yuridiana Sosa\/Zona Roja.<\/p>\n\n\n\n<p>Oaxaca de Ju\u00e1rez, 21 de septiembre de 2020.- Ante la desatenci\u00f3n del gobierno de la capital a la demanda ciudadana para el bacheo de calles, la Asociaci\u00f3n Mexicana de la Industria de la Construcci\u00f3n (AMIC), delegaci\u00f3n Oaxaca, comenz\u00f3 con una jornada para reparar los da\u00f1os; sin embargo, el ayuntamiento llen\u00f3 la zona de polic\u00edas y luego aplic\u00f3 una multa, porque supuestamente no contaban con permiso.<\/p>\n\n\n\n<p>Tras la iniciativa el fin de semana de un grupo de taxistas que rellenaron algunos baches con escombro, sin que fueran sancionados, la asociaci\u00f3n acompa\u00f1ada de ciudadanos inici\u00f3 la reparaci\u00f3n del asfalto en la lateral del Perif\u00e9rico en inmediaciones del Parque del Amor de la ciudad, hasta donde arribaron al menos 20 elementos la Polic\u00eda Municipal para tratar de impedir la actividad.<\/p>\n\n\n\n<p>Comerciantes de la zona celebraron la intervenci\u00f3n de la asociaci\u00f3n y denunciaron que desde hace varios meses solicitaron la intervenci\u00f3n del gobierno que encabeza Oswaldo Garc\u00eda Jarqu\u00edn, porque el mal estado de la vialidad representaba un peligro, pero no hubo respuesta.<\/p>\n\n\n\n<figure class=\"wp-block-embed-twitter wp-block-embed is-type-rich is-provider-twitter\"><div class=\"wp-block-embed__wrapper\">\n<div class=\"twitter-tweet\"><blockquote class=\"twitter-tweet\" data-lang=\"es\"><p lang=\"es\" dir=\"ltr\"><a href=\"https:\/\/twitter.com\/hashtag\/ENVIVO?src=hash&amp;ref_src=twsrc%5Etfw\">#ENVIVO<\/a>  <br>Ante apat\u00eda del <a href=\"https:\/\/twitter.com\/MunicipioOaxaca?ref_src=twsrc%5Etfw\">@MunicipioOaxaca<\/a>, profesionistas de <a href=\"https:\/\/twitter.com\/AmicOaxaca1?ref_src=twsrc%5Etfw\">@AmicOaxaca1<\/a> liderados por <a href=\"https:\/\/twitter.com\/JavierChavezRos?ref_src=twsrc%5Etfw\">@JavierChavezRos<\/a>, bachean en inmediaciones del Perif\u00e9rico de la capital oaxaque\u00f1a; en lugar de apoyar, edil <a href=\"https:\/\/twitter.com\/oswaldogarciaj?ref_src=twsrc%5Etfw\">@oswaldogarciaj<\/a> manda polic\u00edas para intimidar. <br>Aqu\u00ed: \ud83d\udc47<a href=\"https:\/\/t.co\/MylKte1krP\">https:\/\/t.co\/MylKte1krP<\/a> <a href=\"https:\/\/t.co\/a7WBDNJ1lV\">pic.twitter.com\/a7WBDNJ1lV<\/a><\/p>&mdash; Zona Roja Oaxaca (@MexRoja) <a href=\"https:\/\/twitter.com\/MexRoja\/status\/1308093371538272257?ref_src=twsrc%5Etfw\">21 de septiembre de 2020<\/a><\/blockquote><\/div>\n<\/div><\/figure>\n\n\n\n<p>El presidente de AMIC, Javier Ch\u00e1vez Rosales, se\u00f1al\u00f3 que \u00e9l tambi\u00e9n demand\u00f3 al gobierno de la Cuarta Transformaci\u00f3n en la capital para que interviniera, pero al no ser atendido, la asociaci\u00f3n decidi\u00f3 ser parte de la soluci\u00f3n al problema.<\/p>\n\n\n\n<p>Detall\u00f3 que entre un grupo de ciudadanos se cooperaron para adquirir 30 toneladas de material, un compuesto de pol\u00edmeros que ayudar\u00e1 a absorber la humedad y es amigable con el medio ambiente, por lo que llam\u00f3 a la poblaci\u00f3n a que reporten alg\u00fan bache que acudir\u00e1n de contar con material.<\/p>\n\n\n\n<p>En tanto, los uniformados &#8211;armados y con pertrechos antimotines&#8211; advirtieron a la asociaci\u00f3n que se retiraran o ser\u00edan acreedores a una multa al no contar con el permiso de la autoridad municipal y obstruir la vialidad, pero la AMIC contin\u00fao su labor.<\/p>\n\n\n\n<figure class=\"wp-block-embed-twitter wp-block-embed is-type-rich is-provider-twitter\"><div class=\"wp-block-embed__wrapper\">\n<div class=\"twitter-tweet\"><blockquote class=\"twitter-tweet\" data-lang=\"es\"><p lang=\"es\" dir=\"ltr\">\u00a1S\u00f3lo en <a href=\"https:\/\/twitter.com\/hashtag\/Oaxaca?src=hash&amp;ref_src=twsrc%5Etfw\">#Oaxaca<\/a>! Ciudadanos de la <a href=\"https:\/\/twitter.com\/AmicOaxaca1?ref_src=twsrc%5Etfw\">@AmicOaxaca1<\/a>, encabezados por <a href=\"https:\/\/twitter.com\/JavierChavezRos?ref_src=twsrc%5Etfw\">@JavierChavezRos<\/a>, se pusieron a bachear en la ciudad de Oaxaca, ante la nula acci\u00f3n de la autoridad. <br>Pero en represalia, el <a href=\"https:\/\/twitter.com\/MunicipioOaxaca?ref_src=twsrc%5Etfw\">@MunicipioOaxaca<\/a> que preside <a href=\"https:\/\/twitter.com\/oswaldogarciaj?ref_src=twsrc%5Etfw\">@oswaldogarciaj<\/a> le mand\u00f3 polic\u00edas y posteriormente lo mult\u00f3. <a href=\"https:\/\/t.co\/78xMMQCURp\">pic.twitter.com\/78xMMQCURp<\/a><\/p>&mdash; Zona Roja Oaxaca (@MexRoja) <a href=\"https:\/\/twitter.com\/MexRoja\/status\/1308135653389950977?ref_src=twsrc%5Etfw\">21 de septiembre de 2020<\/a><\/blockquote><\/div>\n<\/div><\/figure>\n\n\n\n<p>\u201cNos haremos responsables de nuestros actos\u201d, indic\u00f3 el presidente de la asociaci\u00f3n, quien calific\u00f3 como intolerante e indolente al edil de la capital, que a pesar de la capacidad econ\u00f3mica de su gobierno para reparar el da\u00f1o ha preferido ser omiso.<\/p>\n\n\n\n<p>Tras su actividad, arrib\u00f3 la Polic\u00eda Vial para aplicar una multa por la actividad, a la cual no se negaron a recibir y pagar. \u201cEspero que con lo que pague de la multa el ayuntamiento repare un bache y que lo haga el mismo presidente con sus manos\u201d, sentenci\u00f3 el representante de los constructores.<\/p>\n\n\n\n<p>Decenas de accidentes se han registrado sobre ese tramo que conduce a uno de los accesos del municipio de Santa Cruz Xoxocotl\u00e1n. Un tramo intransitable, minado, pero que, aunado a la falta de iluminaci\u00f3n p\u00fablica, por las noches se volv\u00eda en una pesadilla para los automovilistas y motociclistas.<\/p>\n","protected":false},"excerpt":{"rendered":"<p>Yuridiana Sosa\/Zona Roja. Oaxaca de Ju\u00e1rez, 21 de septiembre de 2020.- Ante la desatenci\u00f3n del&hellip;<\/p>\n","protected":false},"author":2,"featured_media":17877,"comment_status":"closed","ping_status":"open","sticky":false,"template":"","format":"standard","meta":{"_lmt_disableupdate":"","_lmt_disable":"","_jetpack_memberships_contains_paid_content":false,"footnotes":""},"categories":[109,47],"tags":[1918],"class_list":["post-17876","post","type-post","status-publish","format-standard","has-post-thumbnail","hentry","category-minuto-a-minuto","category-zona-gris","tag-asociacion-mexicana-de-la-industria-de-la-construccion"],"jetpack_featured_media_url":"https:\/\/zonaroja.com.mx\/wp-content\/uploads\/2020\/09\/Bacheo-AMIC.png","jetpack_sharing_enabled":true,"_links":{"self":[{"href":"https:\/\/zonaroja.com.mx\/index.php?rest_route=\/wp\/v2\/posts\/17876","targetHints":{"allow":["GET"]}}],"collection":[{"href":"https:\/\/zonaroja.com.mx\/index.php?rest_route=\/wp\/v2\/posts"}],"about":[{"href":"https:\/\/zonaroja.com.mx\/index.php?rest_route=\/wp\/v2\/types\/post"}],"author":[{"embeddable":true,"href":"https:\/\/zonaroja.com.mx\/index.php?rest_route=\/wp\/v2\/users\/2"}],"replies":[{"embeddable":true,"href":"https:\/\/zonaroja.com.mx\/index.php?rest_route=%2Fwp%2Fv2%2Fcomments&post=17876"}],"version-history":[{"count":1,"href":"https:\/\/zonaroja.com.mx\/index.php?rest_route=\/wp\/v2\/posts\/17876\/revisions"}],"predecessor-version":[{"id":17878,"href":"https:\/\/zonaroja.com.mx\/index.php?rest_route=\/wp\/v2\/posts\/17876\/revisions\/17878"}],"wp:featuredmedia":[{"embeddable":true,"href":"https:\/\/zonaroja.com.mx\/index.php?rest_route=\/wp\/v2\/media\/17877"}],"wp:attachment":[{"href":"https:\/\/zonaroja.com.mx\/index.php?rest_route=%2Fwp%2Fv2%2Fmedia&parent=17876"}],"wp:term":[{"taxonomy":"category","embeddable":true,"href":"https:\/\/zonaroja.com.mx\/index.php?rest_route=%2Fwp%2Fv2%2Fcategories&post=17876"},{"taxonomy":"post_tag","embeddable":true,"href":"https:\/\/zonaroja.com.mx\/index.php?rest_route=%2Fwp%2Fv2%2Ftags&post=17876"}],"curies":[{"name":"wp","href":"https:\/\/api.w.org\/{rel}","templated":true}]}}