{"id":17882,"date":"2020-09-21T22:04:35","date_gmt":"2020-09-22T03:04:35","guid":{"rendered":"http:\/\/www.zonaroja.com.mx\/?p=17882"},"modified":"2020-09-21T22:04:39","modified_gmt":"2020-09-22T03:04:39","slug":"inicia-la-semana-con-108-contagios-de-covid-en-oaxaca","status":"publish","type":"post","link":"https:\/\/zonaroja.com.mx\/?p=17882","title":{"rendered":"Inicia la semana con 108 contagios de Covid en Oaxaca"},"content":{"rendered":"\n<p>Redacci\u00f3n\/Zona Roja.<\/p>\n\n\n\n<p>Oaxaca de Ju\u00e1rez, Oax. 21 de septiembre de 2020.- Los Servicios de Salud de Oaxaca (SSO) dieron a conocer que al corte de este lunes 21 de septiembre, se contabilizaron 108 casos nuevos de Covid-19, sumando 15 mil 640 contagios acumulados en toda la entidad.<\/p>\n\n\n\n<p>La dependencia detall\u00f3 que se han notificado 23 mil 192 casos de los cuales seis mil 889 han sido negativos, hay 663 casos sospechosos en espera de resultados por laboratorio, 13 mil 736 se han recuperado, y lamentablemente se contabilizan tres defunciones acumulando mil 395.<\/p>\n\n\n\n<p>Inform\u00f3 que la Jurisdicci\u00f3n Sanitaria n\u00famero uno Valles Centrales contabiliza 10 mil 427 casos confirmados y 674 defunciones, Tuxtepec mil 666 y 239 defunciones, Istmo mil 577 y 273 defunciones, Mixteca 998 y 95 defunciones, Costa 678 y 73 defunciones, Sierra 294 y 41 defunciones.<\/p>\n\n\n\n<p>Los 108 casos nuevos se distribuyen en 41 municipios de la entidad, siendo los que mayor n\u00famero de casos presentan el de Oaxaca de Ju\u00e1rez con 27, Santa Luc\u00eda del Camino ocho casos, Salina Cruz y Juchit\u00e1n de Zaragoza siete cada uno, San Pablo Villa de Mitla con seis, Tlacolula de Matamoros y San Andr\u00e9s Huay\u00e1pam cinco cada uno, el resto cuatro, tres, dos y un caso.<\/p>\n\n\n\n<figure class=\"wp-block-embed-twitter wp-block-embed is-type-rich is-provider-twitter\"><div class=\"wp-block-embed__wrapper\">\n<div class=\"twitter-tweet\"><blockquote class=\"twitter-tweet\" data-lang=\"es\"><p lang=\"es\" dir=\"ltr\">Recuerda que al utilizar <a href=\"https:\/\/twitter.com\/hashtag\/Cubrebocas?src=hash&amp;ref_src=twsrc%5Etfw\">#Cubrebocas<\/a> ayudas a limitar la propagaci\u00f3n del <a href=\"https:\/\/twitter.com\/hashtag\/COVID19?src=hash&amp;ref_src=twsrc%5Etfw\">#COVID19<\/a>.<br><br>Por ti, por tu familia y por tu comunidad, \u00fasalo. <a href=\"https:\/\/t.co\/fIkfu9Stag\">pic.twitter.com\/fIkfu9Stag<\/a><\/p>&mdash; Servicios de Salud (@SSO_GobOax) <a href=\"https:\/\/twitter.com\/SSO_GobOax\/status\/1308210303641899013?ref_src=twsrc%5Etfw\">22 de septiembre de 2020<\/a><\/blockquote><\/div>\n<\/div><\/figure>\n\n\n\n<p>Se\u00f1al\u00f3 que hay 509 casos activos, siendo la Jurisdicci\u00f3n Sanitaria n\u00famero uno Valles Centrales la que registra 338 activos, Mixteca 64, Istmo y Sierra 31 cada uno, Costa 23 y Tuxtepec 22.<\/p>\n\n\n\n<p>A\u00f1adi\u00f3 que de las mil 395 defunciones el grupo de edad m\u00e1s afectado es el de 65 y m\u00e1s a\u00f1os, seguido de 50 a 59 y 60 a 64 a\u00f1os con 627, 336 y 192 respectivamente. Por sexo, 925 han sido hombres y 470 mujeres; las comorbilidades asociadas son diabetes, hipertensi\u00f3n arterial, obesidad e insuficiencia renal.<\/p>\n\n\n\n<p>Dijo que en relaci\u00f3n a la ocupaci\u00f3n hospitalaria a la fecha se registra un 34.2% global, de los cuales el 42.3% sin ventilador y 20.7% con ventilador.<\/p>\n","protected":false},"excerpt":{"rendered":"<p>Redacci\u00f3n\/Zona Roja. Oaxaca de Ju\u00e1rez, Oax. 21 de septiembre de 2020.- Los Servicios de Salud&hellip;<\/p>\n","protected":false},"author":2,"featured_media":17884,"comment_status":"closed","ping_status":"open","sticky":false,"template":"","format":"standard","meta":{"_lmt_disableupdate":"","_lmt_disable":"","_jetpack_memberships_contains_paid_content":false,"footnotes":""},"categories":[109,47],"tags":[1512],"class_list":["post-17882","post","type-post","status-publish","format-standard","has-post-thumbnail","hentry","category-minuto-a-minuto","category-zona-gris","tag-coronavirus-oaxaca"],"jetpack_featured_media_url":"https:\/\/zonaroja.com.mx\/wp-content\/uploads\/2020\/09\/SSO-2-3.jpeg","jetpack_sharing_enabled":true,"_links":{"self":[{"href":"https:\/\/zonaroja.com.mx\/index.php?rest_route=\/wp\/v2\/posts\/17882","targetHints":{"allow":["GET"]}}],"collection":[{"href":"https:\/\/zonaroja.com.mx\/index.php?rest_route=\/wp\/v2\/posts"}],"about":[{"href":"https:\/\/zonaroja.com.mx\/index.php?rest_route=\/wp\/v2\/types\/post"}],"author":[{"embeddable":true,"href":"https:\/\/zonaroja.com.mx\/index.php?rest_route=\/wp\/v2\/users\/2"}],"replies":[{"embeddable":true,"href":"https:\/\/zonaroja.com.mx\/index.php?rest_route=%2Fwp%2Fv2%2Fcomments&post=17882"}],"version-history":[{"count":1,"href":"https:\/\/zonaroja.com.mx\/index.php?rest_route=\/wp\/v2\/posts\/17882\/revisions"}],"predecessor-version":[{"id":17885,"href":"https:\/\/zonaroja.com.mx\/index.php?rest_route=\/wp\/v2\/posts\/17882\/revisions\/17885"}],"wp:featuredmedia":[{"embeddable":true,"href":"https:\/\/zonaroja.com.mx\/index.php?rest_route=\/wp\/v2\/media\/17884"}],"wp:attachment":[{"href":"https:\/\/zonaroja.com.mx\/index.php?rest_route=%2Fwp%2Fv2%2Fmedia&parent=17882"}],"wp:term":[{"taxonomy":"category","embeddable":true,"href":"https:\/\/zonaroja.com.mx\/index.php?rest_route=%2Fwp%2Fv2%2Fcategories&post=17882"},{"taxonomy":"post_tag","embeddable":true,"href":"https:\/\/zonaroja.com.mx\/index.php?rest_route=%2Fwp%2Fv2%2Ftags&post=17882"}],"curies":[{"name":"wp","href":"https:\/\/api.w.org\/{rel}","templated":true}]}}