{"id":17889,"date":"2020-09-22T07:21:28","date_gmt":"2020-09-22T12:21:28","guid":{"rendered":"http:\/\/www.zonaroja.com.mx\/?p=17889"},"modified":"2020-09-22T07:21:32","modified_gmt":"2020-09-22T12:21:32","slug":"concentran-en-el-istmo-oficinas-de-justicia-con-instalaciones-modernas","status":"publish","type":"post","link":"https:\/\/zonaroja.com.mx\/?p=17889","title":{"rendered":"Concentran en el Istmo oficinas de justicia con instalaciones modernas"},"content":{"rendered":"\n<p>Redacci\u00f3n\/Zona Roja.<\/p>\n\n\n\n<p>Oaxaca de Ju\u00e1rez, Oax., 22 de septiembre de 2020.- El Centro de Justicia del Istmo, con sede en el municipio de El Espinal y que concentra en un mismo espacio adem\u00e1s de organismos jurisdiccionales del Poder Judicial a la Secretar\u00eda de Seguridad P\u00fablica, Fiscal\u00eda General de Justicia y Defensor\u00eda P\u00fablica del Estado, brindar\u00e1 una atenci\u00f3n integral a favor de m\u00e1s de 213 mil habitantes de esta zona de la entidad y llevar\u00e1 asuntos de Juchit\u00e1n, Mat\u00edas Romero, Tehuantepec y Salina Cruz.<\/p>\n\n\n\n<p>En el marco de la inauguraci\u00f3n del nuevo edificio, equipado con tecnolog\u00eda de punta, el presidente del Tribunal Superior de Justicia y del Consejo de la Judicatura, magistrado Eduardo Pinacho S\u00e1nchez, afirm\u00f3 que la dignificaci\u00f3n y modernizaci\u00f3n de la infraestructura judicial, es una de las prioridades en su administraci\u00f3n que en lo que va de este 2020 ha realizado m\u00e1s de 50 obras de construcci\u00f3n, mejoramiento y rehabilitaci\u00f3n en distintos espacios.<\/p>\n\n\n\n<p>En el evento, que presidi\u00f3 junto con el gobernador Alejandro Murat Hinojosa, y ante el presidente de la Junta de Coordinaci\u00f3n Pol\u00edtica del Congreso del Estado, diputado Horacio Sosa Villavicencio, el fiscal General del Estado, Rub\u00e9n Vasconcelos M\u00e9ndez y el presidente municipal, Hazael Matus Toledo, as\u00ed como ediles de la zona, expres\u00f3 que los poderes Ejecutivo, Legislativo y Judicial trabajan de manera arm\u00f3nica y coordinada en beneficio de lo que reclaman los oaxaque\u00f1os: una verdadera justicia, eficiente, profesional y expedita.<\/p>\n\n\n\n<p>Con la presencia, mediante videoconferencia, de magistrados, magistradas, consejera y consejeros de la Judicatura, resalt\u00f3 que la instituci\u00f3n trabaja en todos los \u00e1mbitos de la impartici\u00f3n de justicia y ha incorporado las perspectivas de derechos humanos, de g\u00e9nero, pluralismo jur\u00eddico e interculturalidad, adem\u00e1s de que ha dado un salto cualitativo en el empleo de nuevas tecnolog\u00edas.<\/p>\n\n\n\n<p>Respecto a las obras realizadas, mencion\u00f3 que para que toda persona que se acerque a realizar un tr\u00e1mite judicial cuente con lugares dignos y las y los servidores p\u00fablicos realicen en mejores condiciones su labor, se concluy\u00f3 una rehabilitaci\u00f3n integral del edificio sede de los Juzgados Civiles y Familiares del Centro, en la ciudad de Oaxaca, un espacio emblem\u00e1tico que fue equipado con moderna tecnolog\u00eda.<\/p>\n\n\n\n<p>Por otra parte, se concluyeron las salas de Oralidad Mercantil en Huajuapan de Le\u00f3n, Salina Cruz y Huatulco; asimismo, dio a conocer que en breve podr\u00e1 ser inaugurado tambi\u00e9n el Centro de Justicia en Ejutla de Crespo.<\/p>\n\n\n\n<p>\u201cSabemos que los edificios que albergan los tribunales de justicia pueden representar conmemoraciones del pasado si no se modernizan y dignifican; en cambio su transformaci\u00f3n refleja las aspiraciones por el futuro\u201d, puntualiz\u00f3.<\/p>\n","protected":false},"excerpt":{"rendered":"<p>Redacci\u00f3n\/Zona Roja. Oaxaca de Ju\u00e1rez, Oax., 22 de septiembre de 2020.- El Centro de Justicia&hellip;<\/p>\n","protected":false},"author":2,"featured_media":17890,"comment_status":"closed","ping_status":"open","sticky":false,"template":"","format":"standard","meta":{"_lmt_disableupdate":"","_lmt_disable":"","_jetpack_memberships_contains_paid_content":false,"footnotes":""},"categories":[109,46],"tags":[223],"class_list":["post-17889","post","type-post","status-publish","format-standard","has-post-thumbnail","hentry","category-minuto-a-minuto","category-zona-blanca","tag-poder-judicial-de-oaxaca"],"jetpack_featured_media_url":"https:\/\/zonaroja.com.mx\/wp-content\/uploads\/2020\/09\/04-FOTO.jpeg","jetpack_sharing_enabled":true,"_links":{"self":[{"href":"https:\/\/zonaroja.com.mx\/index.php?rest_route=\/wp\/v2\/posts\/17889","targetHints":{"allow":["GET"]}}],"collection":[{"href":"https:\/\/zonaroja.com.mx\/index.php?rest_route=\/wp\/v2\/posts"}],"about":[{"href":"https:\/\/zonaroja.com.mx\/index.php?rest_route=\/wp\/v2\/types\/post"}],"author":[{"embeddable":true,"href":"https:\/\/zonaroja.com.mx\/index.php?rest_route=\/wp\/v2\/users\/2"}],"replies":[{"embeddable":true,"href":"https:\/\/zonaroja.com.mx\/index.php?rest_route=%2Fwp%2Fv2%2Fcomments&post=17889"}],"version-history":[{"count":1,"href":"https:\/\/zonaroja.com.mx\/index.php?rest_route=\/wp\/v2\/posts\/17889\/revisions"}],"predecessor-version":[{"id":17891,"href":"https:\/\/zonaroja.com.mx\/index.php?rest_route=\/wp\/v2\/posts\/17889\/revisions\/17891"}],"wp:featuredmedia":[{"embeddable":true,"href":"https:\/\/zonaroja.com.mx\/index.php?rest_route=\/wp\/v2\/media\/17890"}],"wp:attachment":[{"href":"https:\/\/zonaroja.com.mx\/index.php?rest_route=%2Fwp%2Fv2%2Fmedia&parent=17889"}],"wp:term":[{"taxonomy":"category","embeddable":true,"href":"https:\/\/zonaroja.com.mx\/index.php?rest_route=%2Fwp%2Fv2%2Fcategories&post=17889"},{"taxonomy":"post_tag","embeddable":true,"href":"https:\/\/zonaroja.com.mx\/index.php?rest_route=%2Fwp%2Fv2%2Ftags&post=17889"}],"curies":[{"name":"wp","href":"https:\/\/api.w.org\/{rel}","templated":true}]}}