{"id":1789,"date":"2019-06-23T21:17:39","date_gmt":"2019-06-24T02:17:39","guid":{"rendered":"http:\/\/www.zonaroja.com.mx\/?p=1789"},"modified":"2019-06-23T21:20:06","modified_gmt":"2019-06-24T02:20:06","slug":"sismo-de-magnitud-5-1-dana-mercado-de-santa-maria-petapa","status":"publish","type":"post","link":"https:\/\/zonaroja.com.mx\/?p=1789","title":{"rendered":"Sismo de magnitud 5.1 da\u00f1a mercado de Santa Mar\u00eda Petapa"},"content":{"rendered":"\n<p>Redacci\u00f3n<\/p>\n\n\n\n<p>Oaxaca de\nJu\u00e1rez, Oax., 23 de junio de 2019.- Mientras que la Coordinaci\u00f3n Estatal de\nProtecci\u00f3n Civil de Oaxaca report\u00f3 saldo blanco por el sismo de magnitud 5.1\nocurrido este domingo, pobladores de Santa Mar\u00eda Petapa informaron que el\ntemblor caus\u00f3 afectaciones al mercado municipal, da\u00f1ado desde septiembre de\n2017 y a\u00fan sin reparaci\u00f3n.<\/p>\n\n\n\n<p>El movimiento\ntel\u00farico ocurri\u00f3 a las 14:35 horas de este 23 de junio y se localiz\u00f3 a 28\nkil\u00f3metros al noreste de Mat\u00edas Romero, por lo que la mayor percepci\u00f3n se\nregistr\u00f3 en la zona del Istmo de Tehuantepec.<\/p>\n\n\n\n<figure class=\"wp-block-image\"><img decoding=\"async\" width=\"720\" height=\"350\" src=\"http:\/\/www.zonaroja.com.mx\/wp-content\/uploads\/2019\/06\/056cb01c-ec19-4335-b1d1-be30df323a2f.jpg\" alt=\"\" class=\"wp-image-1790\" srcset=\"https:\/\/zonaroja.com.mx\/wp-content\/uploads\/2019\/06\/056cb01c-ec19-4335-b1d1-be30df323a2f.jpg 720w, https:\/\/zonaroja.com.mx\/wp-content\/uploads\/2019\/06\/056cb01c-ec19-4335-b1d1-be30df323a2f-300x146.jpg 300w, https:\/\/zonaroja.com.mx\/wp-content\/uploads\/2019\/06\/056cb01c-ec19-4335-b1d1-be30df323a2f-585x284.jpg 585w\" sizes=\"(max-width: 720px) 100vw, 720px\" \/><\/figure>\n\n\n\n<p>\u201cLas\ncoordinaciones municipales se han activado en Mat\u00edas Romero, San Pedro\nTapanatepec, Santo Domingo Ingenio, Santa Mar\u00eda Xadani, San Francisco Ixhuat\u00e1n,\nSanto Domingo Chihuit\u00e1n, Santo Domingo Tehuantepec, Salina Cruz, Uni\u00f3n Hidalgo;\nsin que hasta el momento se hayan registrado da\u00f1os\u201d, dijo la dependencia en un\ncomunicado.<\/p>\n\n\n\n<p>No obstante,\nautoridades y pobladores de Petapa denunciaron que el mercado tradicional\nsufri\u00f3 mayores da\u00f1os en paredes, columnas y techos y ahora est\u00e1 en riesgo de\ncaer totalmente.<\/p>\n\n\n\n<p>Asimismo, a\nla fecha no ha sido reconstruido, pese a que sufri\u00f3 da\u00f1os severos durante los\nsismos ocurridos en septiembre del a\u00f1o 2017.<\/p>\n","protected":false},"excerpt":{"rendered":"<p>Redacci\u00f3n Oaxaca de Ju\u00e1rez, Oax., 23 de junio de 2019.- Mientras que la Coordinaci\u00f3n Estatal&hellip;<\/p>\n","protected":false},"author":2,"featured_media":1791,"comment_status":"closed","ping_status":"open","sticky":false,"template":"","format":"standard","meta":{"_lmt_disableupdate":"","_lmt_disable":"","_jetpack_memberships_contains_paid_content":false,"footnotes":""},"categories":[109,47],"tags":[212,211,210],"class_list":["post-1789","post","type-post","status-publish","format-standard","has-post-thumbnail","hentry","category-minuto-a-minuto","category-zona-gris","tag-coordinacion-estatal-de-proteccion-civil","tag-santa-maria-petapa","tag-sismo"],"jetpack_featured_media_url":"https:\/\/zonaroja.com.mx\/wp-content\/uploads\/2019\/06\/c4ed9547-856c-4ed9-95ee-51da976ca2f2.jpg","jetpack_sharing_enabled":true,"_links":{"self":[{"href":"https:\/\/zonaroja.com.mx\/index.php?rest_route=\/wp\/v2\/posts\/1789","targetHints":{"allow":["GET"]}}],"collection":[{"href":"https:\/\/zonaroja.com.mx\/index.php?rest_route=\/wp\/v2\/posts"}],"about":[{"href":"https:\/\/zonaroja.com.mx\/index.php?rest_route=\/wp\/v2\/types\/post"}],"author":[{"embeddable":true,"href":"https:\/\/zonaroja.com.mx\/index.php?rest_route=\/wp\/v2\/users\/2"}],"replies":[{"embeddable":true,"href":"https:\/\/zonaroja.com.mx\/index.php?rest_route=%2Fwp%2Fv2%2Fcomments&post=1789"}],"version-history":[{"count":1,"href":"https:\/\/zonaroja.com.mx\/index.php?rest_route=\/wp\/v2\/posts\/1789\/revisions"}],"predecessor-version":[{"id":1792,"href":"https:\/\/zonaroja.com.mx\/index.php?rest_route=\/wp\/v2\/posts\/1789\/revisions\/1792"}],"wp:featuredmedia":[{"embeddable":true,"href":"https:\/\/zonaroja.com.mx\/index.php?rest_route=\/wp\/v2\/media\/1791"}],"wp:attachment":[{"href":"https:\/\/zonaroja.com.mx\/index.php?rest_route=%2Fwp%2Fv2%2Fmedia&parent=1789"}],"wp:term":[{"taxonomy":"category","embeddable":true,"href":"https:\/\/zonaroja.com.mx\/index.php?rest_route=%2Fwp%2Fv2%2Fcategories&post=1789"},{"taxonomy":"post_tag","embeddable":true,"href":"https:\/\/zonaroja.com.mx\/index.php?rest_route=%2Fwp%2Fv2%2Ftags&post=1789"}],"curies":[{"name":"wp","href":"https:\/\/api.w.org\/{rel}","templated":true}]}}