{"id":17892,"date":"2020-09-22T07:27:16","date_gmt":"2020-09-22T12:27:16","guid":{"rendered":"http:\/\/www.zonaroja.com.mx\/?p=17892"},"modified":"2020-09-22T07:27:20","modified_gmt":"2020-09-22T12:27:20","slug":"incumple-el-registro-civil-con-crear-registro-de-deudores-alimentarios","status":"publish","type":"post","link":"https:\/\/zonaroja.com.mx\/?p=17892","title":{"rendered":"Incumple el Registro Civil con crear registro de deudores alimentarios"},"content":{"rendered":"\n<p>Redacci\u00f3n\/Zona Roja.<\/p>\n\n\n\n<p>Oaxaca de Ju\u00e1rez, Oax., a 22 de septiembre, 2020.- La 64 Legislatura de Oaxaca urgi\u00f3 a la Direcci\u00f3n General del Registro Civil, a poner en operaci\u00f3n inmediata el Registro de Deudores Alimentarios Morosos, para dar certeza al derecho de ni\u00f1as, ni\u00f1os y adolescentes a recibir alimentos.<\/p>\n\n\n\n<p>Mediante un exhorto, impulsado por la diputada Hilda Graciela P\u00e9rez Luis, la representaci\u00f3n popular requiri\u00f3 a la dependencia estatal cumplir con el decreto 1468 aprobado el 15 de abril del a\u00f1o 2018, en el cual, se adicion\u00f3 el Cap\u00edtulo III, denominado \u00abDel registro de deudores alimentarios morosos\u00bb, al C\u00f3digo Civil del Estado de Oaxaca.<\/p>\n\n\n\n<p>El llamado urgente, se debe a que el plazo de seis meses para la creaci\u00f3n de dicho instrumento concluy\u00f3 el 24 de diciembre del 2018.<\/p>\n\n\n\n<p>El objeto principal es la elaboraci\u00f3n de un padr\u00f3n donde estar\u00e1n inscritas aquellas personas que incumplan, total o parcialmente, con la obligaci\u00f3n alimentaria ordenada por un mandato o convenio judicial.<\/p>\n\n\n\n<p>El Punto de Acuerdo cita que en la Convenci\u00f3n sobre los Derechos de los Ni\u00f1os, suscrita por M\u00e9xico en 1990, se indica que los pa\u00edses deber\u00e1n garantizar el pago de la pensi\u00f3n alimenticia, que ser\u00e1 suministrada por los padres.<\/p>\n\n\n\n<p>Con el fin de atender disposiciones internacionales, as\u00ed como de la Carta Magna mexicana, el Poder Legislativo local acord\u00f3 exhortar al titular de la Direcci\u00f3n del Registro Civil del Estado de Oaxaca, para que a la brevedad d\u00e9 cumplimiento al decreto 1468.<\/p>\n","protected":false},"excerpt":{"rendered":"<p>Redacci\u00f3n\/Zona Roja. Oaxaca de Ju\u00e1rez, Oax., a 22 de septiembre, 2020.- La 64 Legislatura de&hellip;<\/p>\n","protected":false},"author":2,"featured_media":17893,"comment_status":"closed","ping_status":"open","sticky":false,"template":"","format":"standard","meta":{"_lmt_disableupdate":"","_lmt_disable":"","_jetpack_memberships_contains_paid_content":false,"footnotes":""},"categories":[109,47],"tags":[1379],"class_list":["post-17892","post","type-post","status-publish","format-standard","has-post-thumbnail","hentry","category-minuto-a-minuto","category-zona-gris","tag-direccion-del-registro-civil-de-oaxaca"],"jetpack_featured_media_url":"https:\/\/zonaroja.com.mx\/wp-content\/uploads\/2020\/09\/Registro-Civil.jpg","jetpack_sharing_enabled":true,"_links":{"self":[{"href":"https:\/\/zonaroja.com.mx\/index.php?rest_route=\/wp\/v2\/posts\/17892","targetHints":{"allow":["GET"]}}],"collection":[{"href":"https:\/\/zonaroja.com.mx\/index.php?rest_route=\/wp\/v2\/posts"}],"about":[{"href":"https:\/\/zonaroja.com.mx\/index.php?rest_route=\/wp\/v2\/types\/post"}],"author":[{"embeddable":true,"href":"https:\/\/zonaroja.com.mx\/index.php?rest_route=\/wp\/v2\/users\/2"}],"replies":[{"embeddable":true,"href":"https:\/\/zonaroja.com.mx\/index.php?rest_route=%2Fwp%2Fv2%2Fcomments&post=17892"}],"version-history":[{"count":1,"href":"https:\/\/zonaroja.com.mx\/index.php?rest_route=\/wp\/v2\/posts\/17892\/revisions"}],"predecessor-version":[{"id":17894,"href":"https:\/\/zonaroja.com.mx\/index.php?rest_route=\/wp\/v2\/posts\/17892\/revisions\/17894"}],"wp:featuredmedia":[{"embeddable":true,"href":"https:\/\/zonaroja.com.mx\/index.php?rest_route=\/wp\/v2\/media\/17893"}],"wp:attachment":[{"href":"https:\/\/zonaroja.com.mx\/index.php?rest_route=%2Fwp%2Fv2%2Fmedia&parent=17892"}],"wp:term":[{"taxonomy":"category","embeddable":true,"href":"https:\/\/zonaroja.com.mx\/index.php?rest_route=%2Fwp%2Fv2%2Fcategories&post=17892"},{"taxonomy":"post_tag","embeddable":true,"href":"https:\/\/zonaroja.com.mx\/index.php?rest_route=%2Fwp%2Fv2%2Ftags&post=17892"}],"curies":[{"name":"wp","href":"https:\/\/api.w.org\/{rel}","templated":true}]}}