{"id":17895,"date":"2020-09-22T07:31:26","date_gmt":"2020-09-22T12:31:26","guid":{"rendered":"http:\/\/www.zonaroja.com.mx\/?p=17895"},"modified":"2020-09-22T07:31:29","modified_gmt":"2020-09-22T12:31:29","slug":"consorcio-oaxaca-lanza-campana-acceso-real-al-aborto-legal","status":"publish","type":"post","link":"https:\/\/zonaroja.com.mx\/?p=17895","title":{"rendered":"Consorcio Oaxaca lanza campa\u00f1a \u201cAcceso real al aborto legal\u201d"},"content":{"rendered":"\n<p>Redacci\u00f3n\/Zona Roja.<\/p>\n\n\n\n<p>Oaxaca de Ju\u00e1rez, Oax., 22 de septiembre de 2020.- \u201cAcceso real al aborto legal\u201d, es una campa\u00f1a impulsada por Consorcio Para el Di\u00e1logo Parlamentario y la Equidad Oaxaca, en el marco del primer aniversario de la reforma al C\u00f3digo Penal del Estado para despenalizar el aborto hasta las 12 semanas de gestaci\u00f3n en la entidad.<\/p>\n\n\n\n<p>De acuerdo con la asociaci\u00f3n civil, el objetivo de esta iniciativa es informar a las mujeres que el acceso al aborto es un derecho que ya pueden ejercer, tambi\u00e9n busca exigir a las autoridades de salud condiciones seguras para la aplicaci\u00f3n real de la interrupci\u00f3n legal.<\/p>\n\n\n\n<p>La campa\u00f1a comprende del 21 de septiembre al 30 de octubre en formato digital por la actual contingencia sanitaria, as\u00ed que a trav\u00e9s de sus redes sociales compartir\u00e1 informaci\u00f3n, infograf\u00edas, v\u00eddeos, entre otros.<\/p>\n\n\n\n<p>Se puede encontrar como Consorcio Oaxaca en Facebook, Instagram y Twitter; tambi\u00e9n usar\u00e1n las rutas de transporte p\u00fablico para difundir informaci\u00f3n.<\/p>\n\n\n\n<p>\u201cLa campa\u00f1a conmemora el 25 de septiembre del 2019 como una fecha hist\u00f3rica en la lucha por los derechos de las mujeres, ya que despu\u00e9s de una estrategia del movimiento feminista local y nacional se logr\u00f3 que el Congreso del Estado aprobara la iniciativa\u201d, a\u00f1ade.<\/p>\n\n\n\n<p>Detalla que la reforma aprobada al C\u00f3digo Penal se\u00f1ala que \u201caborto es la interrupci\u00f3n del embarazo despu\u00e9s de la d\u00e9cima segunda semana de gestaci\u00f3n\u201d; es decir, s\u00ed la interrupci\u00f3n se practica antes de las 12 semanas de ninguna manera debe ser considerado un delito. Dichas reformas entraron en vigor el 28 de octubre de ese mismo a\u00f1o luego de que fueran publicadas en el Peri\u00f3dico Oficial del Estado de Oaxaca.<\/p>\n\n\n\n<p>La campa\u00f1a \u201cAcceso real al aborto legal\u201d tambi\u00e9n forma parte de las actividades en el marco del 28 de septiembre, D\u00eda de Acci\u00f3n Global por un Aborto Legal y Seguro, que se conmemora desde 1990.<\/p>\n","protected":false},"excerpt":{"rendered":"<p>Redacci\u00f3n\/Zona Roja. Oaxaca de Ju\u00e1rez, Oax., 22 de septiembre de 2020.- \u201cAcceso real al aborto&hellip;<\/p>\n","protected":false},"author":2,"featured_media":17896,"comment_status":"closed","ping_status":"open","sticky":false,"template":"","format":"standard","meta":{"_lmt_disableupdate":"","_lmt_disable":"","_jetpack_memberships_contains_paid_content":false,"footnotes":""},"categories":[109,47],"tags":[1093],"class_list":["post-17895","post","type-post","status-publish","format-standard","has-post-thumbnail","hentry","category-minuto-a-minuto","category-zona-gris","tag-consorcio-para-el-dialogo-oaxaca"],"jetpack_featured_media_url":"https:\/\/zonaroja.com.mx\/wp-content\/uploads\/2020\/09\/Campana-aborto-real.jpg","jetpack_sharing_enabled":true,"_links":{"self":[{"href":"https:\/\/zonaroja.com.mx\/index.php?rest_route=\/wp\/v2\/posts\/17895","targetHints":{"allow":["GET"]}}],"collection":[{"href":"https:\/\/zonaroja.com.mx\/index.php?rest_route=\/wp\/v2\/posts"}],"about":[{"href":"https:\/\/zonaroja.com.mx\/index.php?rest_route=\/wp\/v2\/types\/post"}],"author":[{"embeddable":true,"href":"https:\/\/zonaroja.com.mx\/index.php?rest_route=\/wp\/v2\/users\/2"}],"replies":[{"embeddable":true,"href":"https:\/\/zonaroja.com.mx\/index.php?rest_route=%2Fwp%2Fv2%2Fcomments&post=17895"}],"version-history":[{"count":1,"href":"https:\/\/zonaroja.com.mx\/index.php?rest_route=\/wp\/v2\/posts\/17895\/revisions"}],"predecessor-version":[{"id":17897,"href":"https:\/\/zonaroja.com.mx\/index.php?rest_route=\/wp\/v2\/posts\/17895\/revisions\/17897"}],"wp:featuredmedia":[{"embeddable":true,"href":"https:\/\/zonaroja.com.mx\/index.php?rest_route=\/wp\/v2\/media\/17896"}],"wp:attachment":[{"href":"https:\/\/zonaroja.com.mx\/index.php?rest_route=%2Fwp%2Fv2%2Fmedia&parent=17895"}],"wp:term":[{"taxonomy":"category","embeddable":true,"href":"https:\/\/zonaroja.com.mx\/index.php?rest_route=%2Fwp%2Fv2%2Fcategories&post=17895"},{"taxonomy":"post_tag","embeddable":true,"href":"https:\/\/zonaroja.com.mx\/index.php?rest_route=%2Fwp%2Fv2%2Ftags&post=17895"}],"curies":[{"name":"wp","href":"https:\/\/api.w.org\/{rel}","templated":true}]}}