{"id":17903,"date":"2020-09-22T15:17:10","date_gmt":"2020-09-22T20:17:10","guid":{"rendered":"http:\/\/www.zonaroja.com.mx\/?p=17903"},"modified":"2020-09-22T15:17:14","modified_gmt":"2020-09-22T20:17:14","slug":"habitantes-y-autoridades-de-jocotepec-suplican-se-declare-zona-de-desastre","status":"publish","type":"post","link":"https:\/\/zonaroja.com.mx\/?p=17903","title":{"rendered":"Habitantes y autoridades de Jocotepec suplican se declare zona de desastre"},"content":{"rendered":"\n<p>Yuridiana Sosa\/Zona Roja.<\/p>\n\n\n\n<p>Oaxaca de Ju\u00e1rez, Oax., 22 de agosto de 2020.- Desde hace cuatro d\u00edas, miles de familias del municipio de Santiago Jocotepec, en la regi\u00f3n de la Cuenca, viven entre el lodo y la zozobra, por la inundaci\u00f3n que hasta ahora no se ha atendido.<\/p>\n\n\n\n<p>Por ello, na comisi\u00f3n autoridades municipales y auxiliares de las comunidades afectadas, acudieron a la ciudad de Oaxaca para exigir al Gobierno del Estado atenci\u00f3n y solicitud de la declaratoria de emergencia.<\/p>\n\n\n\n<p>En conferencia de prensa, el agente de R\u00edo Chiquito y el edil Rigoberto Esc\u00e1rcega P\u00e9rez, demandaron p\u00fablicamente atenci\u00f3n del gobierno para 12 mil habitantes damnificados con las lluvias e inundaci\u00f3n sufrida desde el pasado 18 de septiembre.<\/p>\n\n\n\n<p>Caminos bloqueados por derrumbes, deslaves, campos de cultivos anegados con p\u00e9rdida de sus cosechas y ganado; adem\u00e1s de calles destrozadas y casas enlodadas, son algunas de las afectaciones registradas.<\/p>\n\n\n\n<figure class=\"wp-block-embed-twitter wp-block-embed is-type-rich is-provider-twitter\"><div class=\"wp-block-embed__wrapper\">\n<div class=\"twitter-tweet\"><blockquote class=\"twitter-tweet\" data-lang=\"es\"><p lang=\"es\" dir=\"ltr\"><a href=\"https:\/\/twitter.com\/hashtag\/ENVIVO?src=hash&amp;ref_src=twsrc%5Etfw\">#ENVIVO<\/a> <br>Oaxaca de Ju\u00e1rez, Oax.. 22 de septiembre de de 2020.- Conferencia de prensa de autoridades de Santiago Jocotepec, en la regi\u00f3n de la Cuenca; denuncian desatenci\u00f3n del gobierno tras intensas lluvias que causaron diversos da\u00f1os.  <br><br>Aqu\u00ed \ud83d\udc47<a href=\"https:\/\/t.co\/vdTuxItD7c\">https:\/\/t.co\/vdTuxItD7c<\/a> <a href=\"https:\/\/t.co\/LfMybfkldG\">pic.twitter.com\/LfMybfkldG<\/a><\/p>&mdash; Zona Roja Oaxaca (@MexRoja) <a href=\"https:\/\/twitter.com\/MexRoja\/status\/1308452361707417600?ref_src=twsrc%5Etfw\">22 de septiembre de 2020<\/a><\/blockquote><\/div>\n<\/div><\/figure>\n\n\n\n<p>Entre las comunidades m\u00e1s afectadas se encuentra R\u00edo Chiquito, donde al menos unas tres mil habitantes tambi\u00e9n carecen del abasto de alimentos e insumos de higiene. Tambi\u00e9n hay da\u00f1os en Cerro Caliente, La Alicia, Paso San Jacobo, Soledad Vista Hermosa y Playa Lim\u00f3n, adem\u00e1s de R\u00edo Manso, del municipio vecino de San Juan Lalana.<\/p>\n\n\n\n<p>El presidente municipal indic\u00f3 que tambi\u00e9n realiz\u00f3 la petici\u00f3n por escrito al gobernador Alejandro Murat, pues urge la declaratoria de emergencia y de desastre a fin de obtener la ayuda humanitaria y econ\u00f3mica para este municipio.<\/p>\n\n\n\n<p>Los habitantes, representantes comunitarios de la poblaci\u00f3n, se\u00f1alaron la necesidad de su arribo a la capital del estado frente al olvido institucional, pues a pesar de demandar ayuda desde el fin de semana a trav\u00e9s de redes sociales, no han recibido atenci\u00f3n.<\/p>\n\n\n\n<p>Los encharcamientos y condiciones en las comunidades tambi\u00e9n representan un riesgo en la salud, por lo que tambi\u00e9n solicitaron ayuda sanitaria.<\/p>\n\n\n\n<p>Por otra parte, la Jefatura de Supervisi\u00f3n de Educaci\u00f3n Ind\u00edgena n\u00famero 18, de Tuxtepec, organiza una colecta de v\u00edveres para Santiago Jocotepec, la cual se llevar\u00e1 a cabo los d\u00edas 22 y 23 de septiembre.<\/p>\n\n\n\n<figure class=\"wp-block-image size-large\"><img decoding=\"async\" width=\"960\" height=\"720\" src=\"http:\/\/www.zonaroja.com.mx\/wp-content\/uploads\/2020\/09\/Santiago-Jocotepec-2.jpg\" alt=\"\" class=\"wp-image-17904\" srcset=\"https:\/\/zonaroja.com.mx\/wp-content\/uploads\/2020\/09\/Santiago-Jocotepec-2.jpg 960w, https:\/\/zonaroja.com.mx\/wp-content\/uploads\/2020\/09\/Santiago-Jocotepec-2-300x225.jpg 300w, https:\/\/zonaroja.com.mx\/wp-content\/uploads\/2020\/09\/Santiago-Jocotepec-2-768x576.jpg 768w, https:\/\/zonaroja.com.mx\/wp-content\/uploads\/2020\/09\/Santiago-Jocotepec-2-585x439.jpg 585w\" sizes=\"(max-width: 960px) 100vw, 960px\" \/><\/figure>\n","protected":false},"excerpt":{"rendered":"<p>Yuridiana Sosa\/Zona Roja. Oaxaca de Ju\u00e1rez, Oax., 22 de agosto de 2020.- Desde hace cuatro&hellip;<\/p>\n","protected":false},"author":2,"featured_media":17905,"comment_status":"closed","ping_status":"open","sticky":false,"template":"","format":"standard","meta":{"_lmt_disableupdate":"","_lmt_disable":"","_jetpack_memberships_contains_paid_content":false,"footnotes":""},"categories":[109,47],"tags":[2034],"class_list":["post-17903","post","type-post","status-publish","format-standard","has-post-thumbnail","hentry","category-minuto-a-minuto","category-zona-gris","tag-santiago-jocotepec"],"jetpack_featured_media_url":"https:\/\/zonaroja.com.mx\/wp-content\/uploads\/2020\/09\/Santiago-Jotepec-1.jpg","jetpack_sharing_enabled":true,"_links":{"self":[{"href":"https:\/\/zonaroja.com.mx\/index.php?rest_route=\/wp\/v2\/posts\/17903","targetHints":{"allow":["GET"]}}],"collection":[{"href":"https:\/\/zonaroja.com.mx\/index.php?rest_route=\/wp\/v2\/posts"}],"about":[{"href":"https:\/\/zonaroja.com.mx\/index.php?rest_route=\/wp\/v2\/types\/post"}],"author":[{"embeddable":true,"href":"https:\/\/zonaroja.com.mx\/index.php?rest_route=\/wp\/v2\/users\/2"}],"replies":[{"embeddable":true,"href":"https:\/\/zonaroja.com.mx\/index.php?rest_route=%2Fwp%2Fv2%2Fcomments&post=17903"}],"version-history":[{"count":1,"href":"https:\/\/zonaroja.com.mx\/index.php?rest_route=\/wp\/v2\/posts\/17903\/revisions"}],"predecessor-version":[{"id":17906,"href":"https:\/\/zonaroja.com.mx\/index.php?rest_route=\/wp\/v2\/posts\/17903\/revisions\/17906"}],"wp:featuredmedia":[{"embeddable":true,"href":"https:\/\/zonaroja.com.mx\/index.php?rest_route=\/wp\/v2\/media\/17905"}],"wp:attachment":[{"href":"https:\/\/zonaroja.com.mx\/index.php?rest_route=%2Fwp%2Fv2%2Fmedia&parent=17903"}],"wp:term":[{"taxonomy":"category","embeddable":true,"href":"https:\/\/zonaroja.com.mx\/index.php?rest_route=%2Fwp%2Fv2%2Fcategories&post=17903"},{"taxonomy":"post_tag","embeddable":true,"href":"https:\/\/zonaroja.com.mx\/index.php?rest_route=%2Fwp%2Fv2%2Ftags&post=17903"}],"curies":[{"name":"wp","href":"https:\/\/api.w.org\/{rel}","templated":true}]}}