{"id":17910,"date":"2020-09-22T15:54:33","date_gmt":"2020-09-22T20:54:33","guid":{"rendered":"http:\/\/www.zonaroja.com.mx\/?p=17910"},"modified":"2020-09-22T15:54:39","modified_gmt":"2020-09-22T20:54:39","slug":"oaxaquenos-contra-la-corrupcion-denuncian-a-fidelo-por-uso-de-empresas-fantasma","status":"publish","type":"post","link":"https:\/\/zonaroja.com.mx\/?p=17910","title":{"rendered":"Oaxaque\u00f1os contra la Corrupci\u00f3n denuncian a Fidelo por uso de empresas \u201cfantasma\u201d"},"content":{"rendered":"\n<p>Evlin Arag\u00f3n\/Zona Roja.<\/p>\n\n\n\n<p>Oaxaca de Ju\u00e1rez, Oax., 22 de septiembre de 2020.- Integrantes de la asociaci\u00f3n civil Oaxaque\u00f1os contra la Corrupci\u00f3n evidenciaron el uso de empresas \u201cfantasma\u201d por parte del Fideicomiso para el Desarrollo Log\u00edstico del Estado de Oaxaca (Fidelo), encabezado por C\u00e9sar Rub\u00e9n Moreno Villalobos, para la realizaci\u00f3n de obra p\u00fablica durante los a\u00f1os 2018 y 2019.&nbsp;<\/p>\n\n\n\n<p>Se trata de las empresas \u201cLa Dorada Visi\u00f3n Ingenier\u00eda S.A. de C.V.\u201d y \u201cConstrucciones Din\u00e1micas del Valle S.A. de C.V.\u201d, las cuales han sido incluidas en el padr\u00f3n del Sistema de Administraci\u00f3n Tributaria (SAT), al ser detectadas por incurrir en el supuesto que establece el art\u00edculo 69-B del C\u00f3digo Fiscal de la Federaci\u00f3n, conocidas como empresas \u201cfantasma\u201d.<\/p>\n\n\n\n<p>El primer proyecto es por un monto de dos millones 500 mil pesos y est\u00e1 identificado como FIDELO\/OBRA\/IODEMC\/01\/2018, por medio del cual se ejecut\u00f3 la obra de \u201cFortalecimiento integral y apoyo a la competitividad de empresas en la regi\u00f3n del Istmo de Tehuantepec, Oaxaca\u201d.<\/p>\n\n\n\n<p>El segundo es por un mill\u00f3n siete mil 318 pesos y est\u00e1 registrado como FIDELO\/SE\/OBRA01\/2019 bajo el concepto de \u201cInstalaci\u00f3n de maquinaria para la maquiladora de ropa en el municipio de Magdalena Jaltepec, rehabilitaci\u00f3n de infraestructura\u201d.<\/p>\n\n\n\n<p>De acuerdo con Oaxaque\u00f1os contra la Corrupci\u00f3n, en los presuntos actos il\u00edcitos no s\u00f3lo estar\u00eda involucrado el titular del Fidelo, C\u00e9sar Rub\u00e9n Moreno Villalobos, sino tambi\u00e9n el secretario de Econom\u00eda, Juan Pablo Guzm\u00e1n Cobi\u00e1n, y el titular del Instituto Oaxaque\u00f1o del Emprendedor, Rodrigo Arnaud Bello, quienes firmaron el convenio para la contrataci\u00f3n de dichas empresas.&nbsp;<\/p>\n\n\n\n<p>Por lo anterior presentaron dos denuncias ante la Secretar\u00eda de la Contralor\u00eda y Transparencia Gubernamental, bajo los n\u00fameros D\/000232 y D\/0002323, con la finalidad de que realice la investigaci\u00f3n correspondiente e indague en torno al supuesto il\u00edcito.<\/p>\n\n\n\n<p>Recientemente, la asociaci\u00f3n civil Oaxaque\u00f1os contra la Corrupci\u00f3n denunci\u00f3 la licitaci\u00f3n presuntamente fraudulenta que se pretend\u00eda consumar al aprobar el contrato de la empresa propiedad de un trabajador del gobierno de Oaxaca, para realizar la sanitizaci\u00f3n y desinfecci\u00f3n de los complejos de Ciudad Administrativa y Judicial.&nbsp;&nbsp;<\/p>\n\n\n\n<p>Fue la empresa ASVEYCO SERVICIOS S.A. de C.V. la que obtuvo el contrato por 16 millones 949 mil 920 pesos, sin contar con registro en el Padr\u00f3n de Proveedores de Oaxaca en los a\u00f1os 2018, 2019 y 2020; adem\u00e1s de encontrarse a nombre de David Uziel L\u00f3pez Hern\u00e1ndez, \u201cChofer 3\u201d de la Secretar\u00eda de la Econom\u00eda del Gobierno de Oaxaca, representada por Juan Pablo Guzm\u00e1n Cobi\u00e1n, tambi\u00e9n involucrado en la m\u00e1s reciente denuncia.&nbsp;<\/p>\n\n\n\n<p>As\u00ed como irregularidades en las contrataciones por parte de todo el sector de las infraestructuras del gobierno de Oaxaca y de la Secretar\u00eda del Medio Ambiente.&nbsp;<\/p>\n","protected":false},"excerpt":{"rendered":"<p>Evlin Arag\u00f3n\/Zona Roja. Oaxaca de Ju\u00e1rez, Oax., 22 de septiembre de 2020.- Integrantes de la&hellip;<\/p>\n","protected":false},"author":2,"featured_media":17911,"comment_status":"closed","ping_status":"open","sticky":false,"template":"","format":"standard","meta":{"_lmt_disableupdate":"","_lmt_disable":"","_jetpack_memberships_contains_paid_content":false,"footnotes":""},"categories":[109,47],"tags":[2039,2038],"class_list":["post-17910","post","type-post","status-publish","format-standard","has-post-thumbnail","hentry","category-minuto-a-minuto","category-zona-gris","tag-cesar-ruben-moreno-villalobos","tag-fideicomiso-para-el-desarrollo-logistico-del-estado-de-oaxaca"],"jetpack_featured_media_url":"https:\/\/zonaroja.com.mx\/wp-content\/uploads\/2020\/09\/Cesar-Ruben-Moreno-Villalobos.png","jetpack_sharing_enabled":true,"_links":{"self":[{"href":"https:\/\/zonaroja.com.mx\/index.php?rest_route=\/wp\/v2\/posts\/17910","targetHints":{"allow":["GET"]}}],"collection":[{"href":"https:\/\/zonaroja.com.mx\/index.php?rest_route=\/wp\/v2\/posts"}],"about":[{"href":"https:\/\/zonaroja.com.mx\/index.php?rest_route=\/wp\/v2\/types\/post"}],"author":[{"embeddable":true,"href":"https:\/\/zonaroja.com.mx\/index.php?rest_route=\/wp\/v2\/users\/2"}],"replies":[{"embeddable":true,"href":"https:\/\/zonaroja.com.mx\/index.php?rest_route=%2Fwp%2Fv2%2Fcomments&post=17910"}],"version-history":[{"count":1,"href":"https:\/\/zonaroja.com.mx\/index.php?rest_route=\/wp\/v2\/posts\/17910\/revisions"}],"predecessor-version":[{"id":17912,"href":"https:\/\/zonaroja.com.mx\/index.php?rest_route=\/wp\/v2\/posts\/17910\/revisions\/17912"}],"wp:featuredmedia":[{"embeddable":true,"href":"https:\/\/zonaroja.com.mx\/index.php?rest_route=\/wp\/v2\/media\/17911"}],"wp:attachment":[{"href":"https:\/\/zonaroja.com.mx\/index.php?rest_route=%2Fwp%2Fv2%2Fmedia&parent=17910"}],"wp:term":[{"taxonomy":"category","embeddable":true,"href":"https:\/\/zonaroja.com.mx\/index.php?rest_route=%2Fwp%2Fv2%2Fcategories&post=17910"},{"taxonomy":"post_tag","embeddable":true,"href":"https:\/\/zonaroja.com.mx\/index.php?rest_route=%2Fwp%2Fv2%2Ftags&post=17910"}],"curies":[{"name":"wp","href":"https:\/\/api.w.org\/{rel}","templated":true}]}}