{"id":17913,"date":"2020-09-22T19:23:58","date_gmt":"2020-09-23T00:23:58","guid":{"rendered":"http:\/\/www.zonaroja.com.mx\/?p=17913"},"modified":"2020-09-22T19:24:03","modified_gmt":"2020-09-23T00:24:03","slug":"diputados-se-compromete-con-la-uabjo-para-incremento-presupuestal","status":"publish","type":"post","link":"https:\/\/zonaroja.com.mx\/?p=17913","title":{"rendered":"Diputados se compromete con la UABJO para incremento presupuestal"},"content":{"rendered":"\n<p>Yuridiana Sosa\/Zona Roja.<\/p>\n\n\n\n<p>Oaxaca de Ju\u00e1rez, Oax.- 22 de septiembre de 2020.- Integrantes de la 64 Legislatura de Oaxaca se comprometieron con la Universidad Aut\u00f3noma \u201cBenito Ju\u00e1rez\u201d de Oaxaca (UABJO) para aprobar un presupuesto que coadyuve a garantizar la educaci\u00f3n superior para m\u00e1s estudiantes.<\/p>\n\n\n\n<p>En una reuni\u00f3n con las comisiones de Educaci\u00f3n y de Presupuesto del Congreso del Estado, el rector Eduardo Vasconcelos Mart\u00ednez, expuso ante los diputados las necesidades para buscar mejoras en el presupuesto asignado por el estado para la m\u00e1xima casa de estudios.<\/p>\n\n\n\n<p>Durante el encuentro, ante el presidente de la Junta de Coordinaci\u00f3n Pol\u00edtica (Jucopo), Horacio Sosa Villavicencio, el rector tambi\u00e9n dijo que la UABJO no s\u00f3lo acude al Congreso para solicitar ingresos, pues tambi\u00e9n lo hace para rendir cuentas sobre el uso de los recursos p\u00fablicos cuando as\u00ed se requiere y en donde ha quedado demostrado que los presupuestos son escasos.<\/p>\n\n\n\n<p>\u201cNo venimos a estirar la mano para pedir solamente sino con el compromiso de transparentar y rendir cuentas del presupuesto de los recursos p\u00fablicos asignados a nuestra Casa de Estudios\u201d, afirm\u00f3 Bautista Mart\u00ednez, al precisar que se requiere de un aumento de al menos 42.7 por ciento, para alcanzar la media nacional destinada a cada alumno.<\/p>\n\n\n\n<p>A su vez, Sosa Villavicencio asegur\u00f3 que los diputados tienen el compromiso de aprobar en su \u00faltimo a\u00f1o de ejercicio un presupuesto responsable para la Universidad, por lo que tambi\u00e9n llam\u00f3 al Poder Ejecutivo considerar las peticiones que desde ahora realiza la UABJO.<\/p>\n\n\n\n<figure class=\"wp-block-embed-twitter wp-block-embed is-type-rich is-provider-twitter\"><div class=\"wp-block-embed__wrapper\">\n<div class=\"twitter-tweet\"><blockquote class=\"twitter-tweet\" data-lang=\"es\"><p lang=\"es\" dir=\"ltr\"><a href=\"https:\/\/twitter.com\/hashtag\/%C3%9AltimoMinuto?src=hash&amp;ref_src=twsrc%5Etfw\">#\u00daltimoMinuto<\/a> <br>(4) En su intervenci\u00f3n, el presidente de la Junta de Coordinaci\u00f3n Pol\u00edtica del <a href=\"https:\/\/twitter.com\/CongresoOaxLXIV?ref_src=twsrc%5Etfw\">@CongresoOaxLXIV<\/a>, <a href=\"https:\/\/twitter.com\/HoracioSosaOax?ref_src=twsrc%5Etfw\">@HoracioSosaOax<\/a>, reiter\u00f3 su respaldo a la <a href=\"https:\/\/twitter.com\/UABJO?ref_src=twsrc%5Etfw\">@uabjo<\/a> y dijo que tambi\u00e9n se debe exigir al <a href=\"https:\/\/twitter.com\/GobOax?ref_src=twsrc%5Etfw\">@GobOax<\/a> que cumpla con su responsabilidad de asignar una mayor partida financiera. <a href=\"https:\/\/t.co\/1SnKm1MGu3\">pic.twitter.com\/1SnKm1MGu3<\/a><\/p>&mdash; Zona Roja Oaxaca (@MexRoja) <a href=\"https:\/\/twitter.com\/MexRoja\/status\/1308466580754444297?ref_src=twsrc%5Etfw\">22 de septiembre de 2020<\/a><\/blockquote><\/div>\n<\/div><\/figure>\n\n\n\n<p>Luego de escuchar al rector, los integrantes de las comisiones reconocieron la insuficiencia de los recursos de los que han sido acreedores, con los que es imposible alcanzar mejores resultados en las matr\u00edculas y en la vida laboral.<\/p>\n\n\n\n<p>Durante este encuentro, la diputada Migdalia Espinosa Manuel tambi\u00e9n expuso la importancia de garantizar un presupuesto eficiente para la nueva Universidad Aut\u00f3noma Comunal, por lo que se debe priorizar las necesidades para la aplicaci\u00f3n de los recursos p\u00fablicos, que en diversas ocasiones se han dirigido a asuntos menos importantes.<\/p>\n","protected":false},"excerpt":{"rendered":"<p>Yuridiana Sosa\/Zona Roja. Oaxaca de Ju\u00e1rez, Oax.- 22 de septiembre de 2020.- Integrantes de la&hellip;<\/p>\n","protected":false},"author":2,"featured_media":17914,"comment_status":"closed","ping_status":"open","sticky":false,"template":"","format":"standard","meta":{"_lmt_disableupdate":"","_lmt_disable":"","_jetpack_memberships_contains_paid_content":false,"footnotes":""},"categories":[109,46],"tags":[282],"class_list":["post-17913","post","type-post","status-publish","format-standard","has-post-thumbnail","hentry","category-minuto-a-minuto","category-zona-blanca","tag-universidad-autonoma-benito-juarez-de-oaxaca"],"jetpack_featured_media_url":"https:\/\/zonaroja.com.mx\/wp-content\/uploads\/2020\/09\/FOTO-2.2-Horacio-Sosa-Villavicencio-presidente-de-la-Junta-de-Coordinacion-Politica-del-Congreso-y-Eduardo-Bautista-Martinez-rector-de-la-Universidad-Autonoma-Benito-Juarez-de-Oaxaca.jpeg","jetpack_sharing_enabled":true,"_links":{"self":[{"href":"https:\/\/zonaroja.com.mx\/index.php?rest_route=\/wp\/v2\/posts\/17913","targetHints":{"allow":["GET"]}}],"collection":[{"href":"https:\/\/zonaroja.com.mx\/index.php?rest_route=\/wp\/v2\/posts"}],"about":[{"href":"https:\/\/zonaroja.com.mx\/index.php?rest_route=\/wp\/v2\/types\/post"}],"author":[{"embeddable":true,"href":"https:\/\/zonaroja.com.mx\/index.php?rest_route=\/wp\/v2\/users\/2"}],"replies":[{"embeddable":true,"href":"https:\/\/zonaroja.com.mx\/index.php?rest_route=%2Fwp%2Fv2%2Fcomments&post=17913"}],"version-history":[{"count":1,"href":"https:\/\/zonaroja.com.mx\/index.php?rest_route=\/wp\/v2\/posts\/17913\/revisions"}],"predecessor-version":[{"id":17915,"href":"https:\/\/zonaroja.com.mx\/index.php?rest_route=\/wp\/v2\/posts\/17913\/revisions\/17915"}],"wp:featuredmedia":[{"embeddable":true,"href":"https:\/\/zonaroja.com.mx\/index.php?rest_route=\/wp\/v2\/media\/17914"}],"wp:attachment":[{"href":"https:\/\/zonaroja.com.mx\/index.php?rest_route=%2Fwp%2Fv2%2Fmedia&parent=17913"}],"wp:term":[{"taxonomy":"category","embeddable":true,"href":"https:\/\/zonaroja.com.mx\/index.php?rest_route=%2Fwp%2Fv2%2Fcategories&post=17913"},{"taxonomy":"post_tag","embeddable":true,"href":"https:\/\/zonaroja.com.mx\/index.php?rest_route=%2Fwp%2Fv2%2Ftags&post=17913"}],"curies":[{"name":"wp","href":"https:\/\/api.w.org\/{rel}","templated":true}]}}