{"id":17916,"date":"2020-09-22T20:53:18","date_gmt":"2020-09-23T01:53:18","guid":{"rendered":"http:\/\/www.zonaroja.com.mx\/?p=17916"},"modified":"2020-09-22T20:53:23","modified_gmt":"2020-09-23T01:53:23","slug":"ciudadanos-de-la-amic-vuelven-a-bachear-en-la-capital-y-otra-vez-llega-la-policia","status":"publish","type":"post","link":"https:\/\/zonaroja.com.mx\/?p=17916","title":{"rendered":"Ciudadanos de la AMIC vuelven a bachear en la capital\u2026 y otra vez llega la polic\u00eda"},"content":{"rendered":"\n<p>Yuridiana Sosa\/Zona Roja.<\/p>\n\n\n\n<p>Oaxaca de Ju\u00e1rez, Oax.- 22 de septiembre de 2020.- Por segundo d\u00eda consecutivo y a pesar de represalias por parte del ayuntamiento capitalino, miembros de la Asociaci\u00f3n Mexicana de la Industria de la Construcci\u00f3n, delegaci\u00f3n Oaxaca, continu\u00f3 con el bacheo en calles principales de la ciudad, donde la poblaci\u00f3n reclama atenciones urgentes.<\/p>\n\n\n\n<p>Tras el accidente de una motociclista la ma\u00f1ana de este martes al caer a un bache sobre el bulevar Eduardo Vasconcelos casi esquina con calzada H\u00e9roes de Chapultepec, integrantes de la asociaci\u00f3n arribaron al punto da\u00f1ado para efectuar la reparaci\u00f3n del bache, el cual tambi\u00e9n representaba un riesgo para los automovilistas.<\/p>\n\n\n\n<p>Sin vigilancia policial inicial en esta ocasi\u00f3n, los trabajadores cubrieron el hoyanco en cuanto la luz roja del sem\u00e1foro les permit\u00eda tener mayor libertad sobre la vialidad en la que colocaron conos de vialidad para auxiliarse.<\/p>\n\n\n\n<figure class=\"wp-block-embed-twitter wp-block-embed is-type-rich is-provider-twitter\"><div class=\"wp-block-embed__wrapper\">\n<div class=\"twitter-tweet\"><blockquote class=\"twitter-tweet\" data-lang=\"es\"><p lang=\"es\" dir=\"ltr\"><a href=\"https:\/\/twitter.com\/hashtag\/ENVIVO?src=hash&amp;ref_src=twsrc%5Etfw\">#ENVIVO<\/a><br>Oaxaca de Ju\u00e1rez, Oax., 22 de septiembre de 2020.- Por segundo d\u00eda, integrantes de la <a href=\"https:\/\/twitter.com\/AmicOaxaca1?ref_src=twsrc%5Etfw\">@AmicOaxaca1<\/a> encabezados por su dirigente <a href=\"https:\/\/twitter.com\/JavierChavezRos?ref_src=twsrc%5Etfw\">@JavierChavezRos<\/a>, realizan bacheos en la capital; en sitio hubo accidente hoy debido al hoyanco. <br><br>Aqu\u00ed la transmisi\u00f3n: <br>\ud83d\udc47 <a href=\"https:\/\/t.co\/ZNU5esrV3O\">pic.twitter.com\/ZNU5esrV3O<\/a><\/p>&mdash; Zona Roja Oaxaca (@MexRoja) <a href=\"https:\/\/twitter.com\/MexRoja\/status\/1308478890420113410?ref_src=twsrc%5Etfw\">22 de septiembre de 2020<\/a><\/blockquote><\/div>\n<\/div><\/figure>\n\n\n\n<p>En ese punto, el presidente de AMIC Oaxaca, Javier Ch\u00e1vez, indic\u00f3 que a pesar que el material que colocan es de calidad para tapar de forma inmediata el bache, persiste la posibilidad que se registre nuevamente debido al agrietamiento que presenta el asfalto alrededor del agujero, lo que facilitar\u00e1 la filtraci\u00f3n de agua y rupturas.<\/p>\n\n\n\n<p>Sin embargo, dijo, que es importante ofrecer como ciudadan\u00eda una alternativa para solicitar el problema que ha generado en varios puntos de la ciudad una serie de percances viales, como el ocurrido esta ma\u00f1ana sobre ese bulevar de intensa circulaci\u00f3n.<\/p>\n\n\n\n<p>El representante de AMIC asegur\u00f3 que la acci\u00f3n que emprende el grupo no forma parte de un hecho aislado ni de oportunismo pol\u00edtico, con miras en el pr\u00f3ximo proceso electoral, como lo asegur\u00f3 este lunes el presidente de Oaxaca de Ju\u00e1rez, Oswaldo Garc\u00eda Jarqu\u00edn, quien adem\u00e1s, reproch\u00f3 la iniciativa de la asociaci\u00f3n sobre el problema de baches en la capital.<\/p>\n\n\n\n<figure class=\"wp-block-embed-twitter wp-block-embed is-type-rich is-provider-twitter\"><div class=\"wp-block-embed__wrapper\">\n<div class=\"twitter-tweet\"><blockquote class=\"twitter-tweet\" data-lang=\"es\"><p lang=\"es\" dir=\"ltr\"><a href=\"https:\/\/twitter.com\/hashtag\/%C3%9AltimoMinuto?src=hash&amp;ref_src=twsrc%5Etfw\">#\u00daltimoMinuto<\/a> <br>Varios minutos despu\u00e9s de haber concluido la <a href=\"https:\/\/twitter.com\/AmicOaxaca1?ref_src=twsrc%5Etfw\">@AmicOaxaca1<\/a> el bacheo en bulevar Eduardo Vasconcelos, arribaron elementos de la polic\u00eda municipal del <a href=\"https:\/\/twitter.com\/MunicipioOaxaca?ref_src=twsrc%5Etfw\">@MunicipioOaxaca<\/a>; pretend\u00edan multar de nuevo a gremio por hacer trabajo de la autoridad. <a href=\"https:\/\/t.co\/5FQ4RJwDwF\">pic.twitter.com\/5FQ4RJwDwF<\/a><\/p>&mdash; Zona Roja Oaxaca (@MexRoja) <a href=\"https:\/\/twitter.com\/MexRoja\/status\/1308484356302831622?ref_src=twsrc%5Etfw\">22 de septiembre de 2020<\/a><\/blockquote><\/div>\n<\/div><\/figure>\n\n\n\n<p>Minutos despu\u00e9s de concluir la AMIC con el relleno del hoyo, al lugar arribaron dos elementos de la Polic\u00eda Municipal capitalina, con la intenci\u00f3n de tomar acciones ante el bacheo; uno de ellos baj\u00f3 y tom\u00f3 fotograf\u00edas del trabajo.<\/p>\n\n\n\n<p>Al menos dos patrullas, una de ellas de la Polic\u00eda Vial, m\u00e1s merodearon la zona, en busca de los responsables de la acci\u00f3n ciudadana, y con la probabilidad de pudieran multarlo, como lo hicieron ayer.<\/p>\n\n\n\n<p>Este mismo lunes, tambi\u00e9n por segundo d\u00eda y para no verse rebasado con la acci\u00f3n de ciudadanos, el ayuntamiento puso en marcha un programa de bacheo emergente luego de cientos de reclamos de la poblaci\u00f3n por las desatenciones.<\/p>\n","protected":false},"excerpt":{"rendered":"<p>Yuridiana Sosa\/Zona Roja. Oaxaca de Ju\u00e1rez, Oax.- 22 de septiembre de 2020.- Por segundo d\u00eda&hellip;<\/p>\n","protected":false},"author":2,"featured_media":17917,"comment_status":"closed","ping_status":"open","sticky":false,"template":"","format":"standard","meta":{"_lmt_disableupdate":"","_lmt_disable":"","_jetpack_memberships_contains_paid_content":false,"footnotes":""},"categories":[109,47],"tags":[1918],"class_list":["post-17916","post","type-post","status-publish","format-standard","has-post-thumbnail","hentry","category-minuto-a-minuto","category-zona-gris","tag-asociacion-mexicana-de-la-industria-de-la-construccion"],"jetpack_featured_media_url":"https:\/\/zonaroja.com.mx\/wp-content\/uploads\/2020\/09\/Bacheo-AMIC-bulevar.png","jetpack_sharing_enabled":true,"_links":{"self":[{"href":"https:\/\/zonaroja.com.mx\/index.php?rest_route=\/wp\/v2\/posts\/17916","targetHints":{"allow":["GET"]}}],"collection":[{"href":"https:\/\/zonaroja.com.mx\/index.php?rest_route=\/wp\/v2\/posts"}],"about":[{"href":"https:\/\/zonaroja.com.mx\/index.php?rest_route=\/wp\/v2\/types\/post"}],"author":[{"embeddable":true,"href":"https:\/\/zonaroja.com.mx\/index.php?rest_route=\/wp\/v2\/users\/2"}],"replies":[{"embeddable":true,"href":"https:\/\/zonaroja.com.mx\/index.php?rest_route=%2Fwp%2Fv2%2Fcomments&post=17916"}],"version-history":[{"count":1,"href":"https:\/\/zonaroja.com.mx\/index.php?rest_route=\/wp\/v2\/posts\/17916\/revisions"}],"predecessor-version":[{"id":17918,"href":"https:\/\/zonaroja.com.mx\/index.php?rest_route=\/wp\/v2\/posts\/17916\/revisions\/17918"}],"wp:featuredmedia":[{"embeddable":true,"href":"https:\/\/zonaroja.com.mx\/index.php?rest_route=\/wp\/v2\/media\/17917"}],"wp:attachment":[{"href":"https:\/\/zonaroja.com.mx\/index.php?rest_route=%2Fwp%2Fv2%2Fmedia&parent=17916"}],"wp:term":[{"taxonomy":"category","embeddable":true,"href":"https:\/\/zonaroja.com.mx\/index.php?rest_route=%2Fwp%2Fv2%2Fcategories&post=17916"},{"taxonomy":"post_tag","embeddable":true,"href":"https:\/\/zonaroja.com.mx\/index.php?rest_route=%2Fwp%2Fv2%2Ftags&post=17916"}],"curies":[{"name":"wp","href":"https:\/\/api.w.org\/{rel}","templated":true}]}}