{"id":17919,"date":"2020-09-22T21:58:28","date_gmt":"2020-09-23T02:58:28","guid":{"rendered":"http:\/\/www.zonaroja.com.mx\/?p=17919"},"modified":"2020-09-22T21:58:32","modified_gmt":"2020-09-23T02:58:32","slug":"culpa-edil-garcia-jarquin-a-sapao-de-generar-baches-y-dice-que-ataques-son-politicos","status":"publish","type":"post","link":"https:\/\/zonaroja.com.mx\/?p=17919","title":{"rendered":"Culpa edil Garc\u00eda Jarqu\u00edn a SAPAO de generar baches\u2026 y dice que ataques son pol\u00edticos"},"content":{"rendered":"\n<p>Evlin Arag\u00f3n\/Zona Roja.<\/p>\n\n\n\n<p>Oaxaca de Ju\u00e1rez, Oax., 22 de septiembre de 2020.- El presidente municipal de Oaxaca de Ju\u00e1rez, Oswaldo Garc\u00eda Jarqu\u00edn, responsabiliz\u00f3 a los Servicios de Agua Potable y Alcantarillado de Oaxaca (SAPAO), encabezados por la Laura Vignon Carre\u00f1o, de las p\u00e9simas condiciones en las que se encuentran las calles de la ciudad.&nbsp;<\/p>\n\n\n\n<p>Lo anterior luego de dar el banderazo al Programa de Bacheo 2020, que ha sido solicitado por la poblaci\u00f3n debido a los incontables hoyos que se han formado en las vialidades, incluso en las que no circula el transporte p\u00fablico urbano como el cerro del Fort\u00edn y zonas residenciales.<\/p>\n\n\n\n<p>\u201cNo se trata de un tema ni personal ni pol\u00edtico. Aqu\u00ed cada quien tiene que hacer su trabajo y lo tenemos que hacer de la mejor manera\u201d, refiri\u00f3 el edil ante los medios de comunicaci\u00f3n que atestiguaban la toma de fotograf\u00eda de los funcionarios en el inicio del programa.&nbsp;<\/p>\n\n\n\n<p>De forma in\u00e9dita Garc\u00eda Jarqu\u00edn invit\u00f3 a la prensa a diferenciar las zanjas de SAPAO \u201cmal hechas\u201d de los baches, que dijo \u201chasta cierto punto\u201d le corresponden al municipio.&nbsp;<\/p>\n\n\n\n<p>\u201cNo estoy molesto, simplemente es hora de que la ciudadan\u00eda sepa lo que realmente est\u00e1 pasando. Nosotros vamos a asumir nuestra responsabilidad, tenemos un gran equipo de trabajo con el que vamos a terminar este programa de bacheo en el mes de diciembre\u201d.<\/p>\n\n\n\n<p>El edil de la ciudad galardonada como mejor destino tur\u00edstico mundial, asegur\u00f3 que no se trata de un pleito con el gobierno de Oaxaca, sino que es un llamado a que hagan lo que les corresponde ya que los contribuyentes pagan por los servicios que deben llevarse a cabo.<\/p>\n\n\n\n<p>Actualmente y debido a las intensas lluvias que se han generado en los \u00faltimos d\u00edas, as\u00ed como por la falta de mantenimiento por parte de las autoridades, las vialidades lucen como un verdadero campo de batalla, en el que s\u00f3lo los m\u00e1s experimentados cruzan sin ning\u00fan tipo de problema.&nbsp;&nbsp;<\/p>\n\n\n\n<p>Previo al banderazo de inicio del programa de bacheo por parte del municipio de Oaxaca de Ju\u00e1rez, usuarias y usuarios de las redes sociales denunciaron las p\u00e9simas condiciones en las que se encuentran las calles de Oaxaca, incluso compartieron memes e im\u00e1genes donde se comparan los cr\u00e1teres lunares con la vialidad aleda\u00f1a al Parque del Amor.&nbsp;<\/p>\n\n\n\n<p>\u201cEst\u00e1 horrible el paso por el Parque del Amor\u201d; \u201cHay que empezar a sembrar \u00e1rboles en los baches, quien pueda a sembrar \u00e1rboles en todos los baches de Oaxaca\u201d; \u201cA nadie le causa risa, m\u00e1s bien las autoridades son omisas, indolentes, abusivos y rateros. Qu\u00e9 pena Oaxaca no merece esto\u201d, son solo algunos comentarios que acompa\u00f1an la publicaci\u00f3n del perfil de Facebook Cosas de Oaxaque\u00f1os.&nbsp;&nbsp;<\/p>\n\n\n\n<p>Sobre las acciones que emprende desde ayer la Asociaci\u00f3n Mexicana de la Industria de la Construcci\u00f3n (AMIC), los consider\u00f3 \u201cactos pol\u00edticos\u201d; reiter\u00f3 que no est\u00e1 permitido a los ciudadanos tapar baches, por lo cual se aplic\u00f3 una multa ayer.<\/p>\n\n\n\n<p>Esta ma\u00f1ana, una motociclista cay\u00f3 de su unidad por esquivar un hoyanco, en el bulevar Eduardo Vasconcelos casi esquina con calzada H\u00e9roes de Chapultepec, misma que fue atendida por personal de la Cruz Roja Mexicana, delegaci\u00f3n Oaxaca; horas m\u00e1s tarde el bache fue cubierto por la AMIC.<\/p>\n","protected":false},"excerpt":{"rendered":"<p>Evlin Arag\u00f3n\/Zona Roja. Oaxaca de Ju\u00e1rez, Oax., 22 de septiembre de 2020.- El presidente municipal&hellip;<\/p>\n","protected":false},"author":2,"featured_media":17920,"comment_status":"closed","ping_status":"open","sticky":false,"template":"","format":"standard","meta":{"_lmt_disableupdate":"","_lmt_disable":"","_jetpack_memberships_contains_paid_content":false,"footnotes":""},"categories":[109,47],"tags":[148],"class_list":["post-17919","post","type-post","status-publish","format-standard","has-post-thumbnail","hentry","category-minuto-a-minuto","category-zona-gris","tag-oaxaca-de-juarez"],"jetpack_featured_media_url":"https:\/\/zonaroja.com.mx\/wp-content\/uploads\/2020\/09\/Bacheo-bulevar.jpg","jetpack_sharing_enabled":true,"_links":{"self":[{"href":"https:\/\/zonaroja.com.mx\/index.php?rest_route=\/wp\/v2\/posts\/17919","targetHints":{"allow":["GET"]}}],"collection":[{"href":"https:\/\/zonaroja.com.mx\/index.php?rest_route=\/wp\/v2\/posts"}],"about":[{"href":"https:\/\/zonaroja.com.mx\/index.php?rest_route=\/wp\/v2\/types\/post"}],"author":[{"embeddable":true,"href":"https:\/\/zonaroja.com.mx\/index.php?rest_route=\/wp\/v2\/users\/2"}],"replies":[{"embeddable":true,"href":"https:\/\/zonaroja.com.mx\/index.php?rest_route=%2Fwp%2Fv2%2Fcomments&post=17919"}],"version-history":[{"count":1,"href":"https:\/\/zonaroja.com.mx\/index.php?rest_route=\/wp\/v2\/posts\/17919\/revisions"}],"predecessor-version":[{"id":17921,"href":"https:\/\/zonaroja.com.mx\/index.php?rest_route=\/wp\/v2\/posts\/17919\/revisions\/17921"}],"wp:featuredmedia":[{"embeddable":true,"href":"https:\/\/zonaroja.com.mx\/index.php?rest_route=\/wp\/v2\/media\/17920"}],"wp:attachment":[{"href":"https:\/\/zonaroja.com.mx\/index.php?rest_route=%2Fwp%2Fv2%2Fmedia&parent=17919"}],"wp:term":[{"taxonomy":"category","embeddable":true,"href":"https:\/\/zonaroja.com.mx\/index.php?rest_route=%2Fwp%2Fv2%2Fcategories&post=17919"},{"taxonomy":"post_tag","embeddable":true,"href":"https:\/\/zonaroja.com.mx\/index.php?rest_route=%2Fwp%2Fv2%2Ftags&post=17919"}],"curies":[{"name":"wp","href":"https:\/\/api.w.org\/{rel}","templated":true}]}}