{"id":17922,"date":"2020-09-22T22:04:37","date_gmt":"2020-09-23T03:04:37","guid":{"rendered":"http:\/\/www.zonaroja.com.mx\/?p=17922"},"modified":"2020-09-22T22:04:41","modified_gmt":"2020-09-23T03:04:41","slug":"covid-otra-vez-al-alza-en-oaxaca-16-fallecidos-y-162-positivos","status":"publish","type":"post","link":"https:\/\/zonaroja.com.mx\/?p=17922","title":{"rendered":"Covid otra vez al alza en Oaxaca: 16 fallecidos y 162 positivos"},"content":{"rendered":"\n<p>Redacci\u00f3n\/Zona Roja.<\/p>\n\n\n\n<p>Oaxaca de Ju\u00e1rez, Oax. 22 de septiembre de 2020.- Los Servicios de Salud de Oaxaca (SSO) informaron este 22 de septiembre que la entidad alcanz\u00f3 los 15 mil 802 casos y mil 411 muertes por Covid-19 de manera acumulada, tras confirmarse 162 nuevos contagios y 16 fallecimientos m\u00e1s en las \u00faltimas 24 horas.<\/p>\n\n\n\n<p>As\u00ed como 573 casos activos y 726 personas sospechosas en espera de resultados, de acuerdo con el informe t\u00e9cnico epidemiol\u00f3gico de la pandemia.<\/p>\n\n\n\n<p>La dependencia confirm\u00f3 en un comunicado que a la fecha se han recuperado 13 mil 818 pacientes de la enfermedad respiratoria, cifra que representa el 87.4% del global de personas contagiadas; y se tiene un registro de 101 municipios con la presencia del virus en etapa activa.<\/p>\n\n\n\n<p>Asimismo, destac\u00f3 que hoy fueron 52 localidades que presentaron casos nuevos, encabezando la lista Oaxaca de Ju\u00e1rez con 53, Santa Luc\u00eda del Camino 15, Santa Cruz Xoxocotl\u00e1n ocho, Villa de Tututepec de Melchor Ocampo seis, San Jacinto Amilpas cinco, por mencionar algunos.<\/p>\n\n\n\n<figure class=\"wp-block-embed-twitter wp-block-embed is-type-rich is-provider-twitter\"><div class=\"wp-block-embed__wrapper\">\n<div class=\"twitter-tweet\"><blockquote class=\"twitter-tweet\" data-lang=\"es\"><p lang=\"es\" dir=\"ltr\">El uso de <a href=\"https:\/\/twitter.com\/hashtag\/Cubrebocas?src=hash&amp;ref_src=twsrc%5Etfw\">#Cubrebocas<\/a>, el <a href=\"https:\/\/twitter.com\/hashtag\/LavadoDeManos?src=hash&amp;ref_src=twsrc%5Etfw\">#LavadoDeManos<\/a> frecuente, evitar aglomeraciones, mantener <a href=\"https:\/\/twitter.com\/hashtag\/SanaDistancia?src=hash&amp;ref_src=twsrc%5Etfw\">#SanaDistancia<\/a> y en la medida de lo posible, quedarse en casa, son medidas de prevenci\u00f3n contra el <a href=\"https:\/\/twitter.com\/hashtag\/COVID19?src=hash&amp;ref_src=twsrc%5Etfw\">#COVID19<\/a>, apl\u00edcalas y protege tu <a href=\"https:\/\/twitter.com\/hashtag\/Salud?src=hash&amp;ref_src=twsrc%5Etfw\">#Salud<\/a>. <a href=\"https:\/\/twitter.com\/hashtag\/NoBajemosLaGuardia?src=hash&amp;ref_src=twsrc%5Etfw\">#NoBajemosLaGuardia<\/a> <a href=\"https:\/\/t.co\/pkPelI4kb0\">pic.twitter.com\/pkPelI4kb0<\/a><\/p>&mdash; Servicios de Salud (@SSO_GobOax) <a href=\"https:\/\/twitter.com\/SSO_GobOax\/status\/1308577638357692416?ref_src=twsrc%5Etfw\">23 de septiembre de 2020<\/a><\/blockquote><\/div>\n<\/div><\/figure>\n\n\n\n<p>A su vez, precis\u00f3 que de las 573 personas que enfermaron en los \u00faltimos 14 d\u00edas, el mayor n\u00famero de casos se concentran en Oaxaca de Ju\u00e1rez con 117 pacientes, que representa el 20.4% del total de contagios activos, seguido de Santa Luc\u00eda del Camino con 36 reportes, ambas zonas en la Jurisdicci\u00f3n Sanitaria de Valles Centrales.<\/p>\n\n\n\n<p>Especific\u00f3 que la Jurisdicci\u00f3n Sanitaria de Valles Centrales notific\u00f3 10 mil 541 positivos y 680 fallecimientos; Tuxtepec mil 671 y 242 v\u00edctimas fatales; Istmo mil 586 y 276 muertes, Mixteca mil 008 y 98 decesos, Costa 691 y 74 v\u00edctimas mortales, Sierra 305 y 41 fallecimientos.<\/p>\n\n\n\n<p>Puntualiz\u00f3 que del acumulado de casos, 751 son de personal m\u00e9dico, 990 personal de enfermer\u00eda y 730 de otras \u00e1reas. Respecto a la ocupaci\u00f3n hospitalaria, este martes se encuentra al 34.9%.<\/p>\n\n\n\n<p>Agreg\u00f3 que a la fecha del global de confirmados, tres mil 335 han requerido hospitalizaci\u00f3n y 12 mil 467 han sido pacientes ambulatorios, ya que presentaron la enfermedad en etapas leves.<\/p>\n\n\n\n<p>Finalmente, invit\u00f3 a la ciudadan\u00eda a cuidar a la familia llevando a cabo de manera correcta las acciones de higiene y autocuidado (lavado de manos con agua y jab\u00f3n, as\u00ed como el uso correcto del cubreboca, principalmente proteger a los grupos vulnerables como son: pacientes con enfermedades cr\u00f3nicas, adultos mayores y mujeres embarazadas.<\/p>\n","protected":false},"excerpt":{"rendered":"<p>Redacci\u00f3n\/Zona Roja. Oaxaca de Ju\u00e1rez, Oax. 22 de septiembre de 2020.- Los Servicios de Salud&hellip;<\/p>\n","protected":false},"author":2,"featured_media":17924,"comment_status":"closed","ping_status":"open","sticky":false,"template":"","format":"standard","meta":{"_lmt_disableupdate":"","_lmt_disable":"","_jetpack_memberships_contains_paid_content":false,"footnotes":""},"categories":[109,47],"tags":[1512],"class_list":["post-17922","post","type-post","status-publish","format-standard","has-post-thumbnail","hentry","category-minuto-a-minuto","category-zona-gris","tag-coronavirus-oaxaca"],"jetpack_featured_media_url":"https:\/\/zonaroja.com.mx\/wp-content\/uploads\/2020\/09\/SSO-1-7.jpeg","jetpack_sharing_enabled":true,"_links":{"self":[{"href":"https:\/\/zonaroja.com.mx\/index.php?rest_route=\/wp\/v2\/posts\/17922","targetHints":{"allow":["GET"]}}],"collection":[{"href":"https:\/\/zonaroja.com.mx\/index.php?rest_route=\/wp\/v2\/posts"}],"about":[{"href":"https:\/\/zonaroja.com.mx\/index.php?rest_route=\/wp\/v2\/types\/post"}],"author":[{"embeddable":true,"href":"https:\/\/zonaroja.com.mx\/index.php?rest_route=\/wp\/v2\/users\/2"}],"replies":[{"embeddable":true,"href":"https:\/\/zonaroja.com.mx\/index.php?rest_route=%2Fwp%2Fv2%2Fcomments&post=17922"}],"version-history":[{"count":1,"href":"https:\/\/zonaroja.com.mx\/index.php?rest_route=\/wp\/v2\/posts\/17922\/revisions"}],"predecessor-version":[{"id":17925,"href":"https:\/\/zonaroja.com.mx\/index.php?rest_route=\/wp\/v2\/posts\/17922\/revisions\/17925"}],"wp:featuredmedia":[{"embeddable":true,"href":"https:\/\/zonaroja.com.mx\/index.php?rest_route=\/wp\/v2\/media\/17924"}],"wp:attachment":[{"href":"https:\/\/zonaroja.com.mx\/index.php?rest_route=%2Fwp%2Fv2%2Fmedia&parent=17922"}],"wp:term":[{"taxonomy":"category","embeddable":true,"href":"https:\/\/zonaroja.com.mx\/index.php?rest_route=%2Fwp%2Fv2%2Fcategories&post=17922"},{"taxonomy":"post_tag","embeddable":true,"href":"https:\/\/zonaroja.com.mx\/index.php?rest_route=%2Fwp%2Fv2%2Ftags&post=17922"}],"curies":[{"name":"wp","href":"https:\/\/api.w.org\/{rel}","templated":true}]}}