{"id":17926,"date":"2020-09-23T07:26:06","date_gmt":"2020-09-23T12:26:06","guid":{"rendered":"http:\/\/www.zonaroja.com.mx\/?p=17926"},"modified":"2020-09-23T07:26:10","modified_gmt":"2020-09-23T12:26:10","slug":"registro-oaxaca-dos-ataques-armados-el-martes-uno-en-la-capital","status":"publish","type":"post","link":"https:\/\/zonaroja.com.mx\/?p=17926","title":{"rendered":"Registr\u00f3 Oaxaca dos ataques armados el martes, uno en la capital"},"content":{"rendered":"\n<p>Redacci\u00f3n\/Zona Roja.<\/p>\n\n\n\n<p>Oaxaca de Ju\u00e1rez, Oax., 23 de septiembre de 2020.- Dos ataques armados ocurrieron ayer martes en Pinotepa Nacional y Oaxaca de Ju\u00e1rez, con saldo de dos personas lesionadas de gravedad.<\/p>\n\n\n\n<p>Alrededor de las 18:00 horas, un sujeto ingres\u00f3 presuntamente a robar a una est\u00e9tica ubicada en la calle Huerto Los Olivos del fraccionamiento Trinidad de las Huertas de la capital.<\/p>\n\n\n\n<p>Como resultado de ello, result\u00f3 lesionado el estilista Octavio B. C., de 44 a\u00f1os de edad, &nbsp;conocido como \u201cAlexis\u201d, quien fue atendido por corporaciones de auxilio y trasladado al Hospital General \u201cDr. Aurelio Valdivieso\u201d.<\/p>\n\n\n\n<p>La v\u00edctima, originaria de Zimatl\u00e1n de \u00c1lvarez, recibi\u00f3 al menos dos impactos de bala en el abdomen y otro en el brazo derecho.<\/p>\n\n\n\n<figure class=\"wp-block-embed-twitter wp-block-embed is-type-rich is-provider-twitter\"><div class=\"wp-block-embed__wrapper\">\n<div class=\"twitter-tweet\"><blockquote class=\"twitter-tweet\" data-lang=\"es\"><p lang=\"es\" dir=\"ltr\">Como Alexis Barroso, de 44 a\u00f1os de edad, fue identificada la persona baleada, por presunto asalto, la tarde de hoy en el fraccionamiento Trinidad de las Huertas de la ciudad de <a href=\"https:\/\/twitter.com\/hashtag\/Oaxaca?src=hash&amp;ref_src=twsrc%5Etfw\">#Oaxaca<\/a>; en esa zona, sin presencia del <a href=\"https:\/\/twitter.com\/MunicipioSeguro?ref_src=twsrc%5Etfw\">@MunicipioSeguro<\/a>, han ocurrido frecuentemente hechos violentos. <a href=\"https:\/\/t.co\/fmxs9uFbnr\">pic.twitter.com\/fmxs9uFbnr<\/a><\/p>&mdash; Zona Roja Oaxaca (@MexRoja) <a href=\"https:\/\/twitter.com\/MexRoja\/status\/1308596451140947968?ref_src=twsrc%5Etfw\">23 de septiembre de 2020<\/a><\/blockquote><\/div>\n<\/div><\/figure>\n\n\n\n<p>\u201cAlexis\u201d era uno de los integrantes del comit\u00e9 por la defensa de los derechos de la comunidad l\u00e9sbico gay y por lo cual hace m\u00e1s de un a\u00f1o fue atacado a pu\u00f1aladas.<\/p>\n\n\n\n<p>A pesar de la denuncia que interpuso por la agresi\u00f3n anterior, su caso no hab\u00eda avanzado en la Fiscal\u00eda General del Estado.<\/p>\n\n\n\n<p>TAMBI\u00c9N PINOTEPA<\/p>\n\n\n\n<p>Por otra parte, anoche en Santiago Pinotepa Nacional, un individuo fue atacado a balazos en una calle de barrio El Zapote, cerca de la cl\u00ednica del ISSSTE.<\/p>\n\n\n\n<p>De acuerdo con los primeros datos, se trata de una persona de aproximadamente 44 a\u00f1os de edad, quien fue atendida por personal de Protecci\u00f3n Civil municipal y trasladada a un hospital.<\/p>\n\n\n\n<p>Hasta el momento se desconoce el m\u00f3vil de la agresi\u00f3n armada. En ambos casos no hay personas detenidas.<\/p>\n","protected":false},"excerpt":{"rendered":"<p>Redacci\u00f3n\/Zona Roja. Oaxaca de Ju\u00e1rez, Oax., 23 de septiembre de 2020.- Dos ataques armados ocurrieron&hellip;<\/p>\n","protected":false},"author":2,"featured_media":17927,"comment_status":"closed","ping_status":"open","sticky":false,"template":"","format":"standard","meta":{"_lmt_disableupdate":"","_lmt_disable":"","_jetpack_memberships_contains_paid_content":false,"footnotes":""},"categories":[109,51],"tags":[148],"class_list":["post-17926","post","type-post","status-publish","format-standard","has-post-thumbnail","hentry","category-minuto-a-minuto","category-zona-roja","tag-oaxaca-de-juarez"],"jetpack_featured_media_url":"https:\/\/zonaroja.com.mx\/wp-content\/uploads\/2020\/09\/Baleado-ciudad-de-Oaxaca.jpg","jetpack_sharing_enabled":true,"_links":{"self":[{"href":"https:\/\/zonaroja.com.mx\/index.php?rest_route=\/wp\/v2\/posts\/17926","targetHints":{"allow":["GET"]}}],"collection":[{"href":"https:\/\/zonaroja.com.mx\/index.php?rest_route=\/wp\/v2\/posts"}],"about":[{"href":"https:\/\/zonaroja.com.mx\/index.php?rest_route=\/wp\/v2\/types\/post"}],"author":[{"embeddable":true,"href":"https:\/\/zonaroja.com.mx\/index.php?rest_route=\/wp\/v2\/users\/2"}],"replies":[{"embeddable":true,"href":"https:\/\/zonaroja.com.mx\/index.php?rest_route=%2Fwp%2Fv2%2Fcomments&post=17926"}],"version-history":[{"count":1,"href":"https:\/\/zonaroja.com.mx\/index.php?rest_route=\/wp\/v2\/posts\/17926\/revisions"}],"predecessor-version":[{"id":17928,"href":"https:\/\/zonaroja.com.mx\/index.php?rest_route=\/wp\/v2\/posts\/17926\/revisions\/17928"}],"wp:featuredmedia":[{"embeddable":true,"href":"https:\/\/zonaroja.com.mx\/index.php?rest_route=\/wp\/v2\/media\/17927"}],"wp:attachment":[{"href":"https:\/\/zonaroja.com.mx\/index.php?rest_route=%2Fwp%2Fv2%2Fmedia&parent=17926"}],"wp:term":[{"taxonomy":"category","embeddable":true,"href":"https:\/\/zonaroja.com.mx\/index.php?rest_route=%2Fwp%2Fv2%2Fcategories&post=17926"},{"taxonomy":"post_tag","embeddable":true,"href":"https:\/\/zonaroja.com.mx\/index.php?rest_route=%2Fwp%2Fv2%2Ftags&post=17926"}],"curies":[{"name":"wp","href":"https:\/\/api.w.org\/{rel}","templated":true}]}}