{"id":17932,"date":"2020-09-23T08:32:28","date_gmt":"2020-09-23T13:32:28","guid":{"rendered":"http:\/\/www.zonaroja.com.mx\/?p=17932"},"modified":"2020-09-23T11:03:34","modified_gmt":"2020-09-23T16:03:34","slug":"urge-la-ddhpo-esclarecer-crimenes-contra-defensores-van-85-casos-en-tres-anos","status":"publish","type":"post","link":"https:\/\/zonaroja.com.mx\/?p=17932","title":{"rendered":"Urge la DDHPO esclarecer cr\u00edmenes contra defensores; van 85 casos en tres a\u00f1os"},"content":{"rendered":"\n<p>Redacci\u00f3n\/Zona Roja.<\/p>\n\n\n\n<p>Oaxaca de Ju\u00e1rez, Oax., 23 de septiembre de 2020.- En los \u00faltimos tres a\u00f1os, la Defensor\u00eda de los Derechos Humanos del Pueblo de Oaxaca (DDHPO) ha iniciado 85 investigaciones relacionadas con agresiones a defensoras y defensores de derechos humanos, inform\u00f3 el organismo estatal.<\/p>\n\n\n\n<p>De ellos, 32 corresponden a quejas y 53 a Cuadernos de Antecedentes (CA), siendo las autoridades m\u00e1s se\u00f1aladas, la Fiscal\u00eda General del Estado, la Secretar\u00eda de Seguridad P\u00fablica, ayuntamientos, Servicios de Salud de Oaxaca e Instituto Mexicano del Seguro Social (IMSS).<\/p>\n\n\n\n<p>En un comunicado, expuso que tan solo entre enero y hasta el 21 de septiembre de este 2020, la Defensor\u00eda abri\u00f3 15 expedientes relacionados con agresiones cometidas contra personas defensoras, siendo las principales quejas las agresiones, omisiones de trato digno y falta de acceso a la salud.<\/p>\n\n\n\n<p>Por ello, pidi\u00f3 &#8211;en este caso a la Fiscal\u00eda General del Estado&#8211; el esclarecimiento de las agresiones cometidas contra activistas y personas defensoras de derechos humanos, pues ello, adem\u00e1s de garantizar justicia a las propias v\u00edctimas, permitir\u00e1 hacer factible el derecho a la memoria y a la verdad de nuestra sociedad.<\/p>\n\n\n\n<p>\u201cSon preocupantes las agresiones de defensores, activistas y dirigentes sociales en la entidad, el m\u00e1s reciente de ellos, apenas el 24 de agosto contra el l\u00edder del Frente Popular Revolucionario (FPR) Tom\u00e1s Mart\u00ednez Pinacho, en el marco de una serie de protestas efectuadas por dicha agrupaci\u00f3n\u201d, dijo.<\/p>\n\n\n\n<p>En este sentido, la DDHPO reiter\u00f3 las medidas cautelares dictadas a favor de distintas organizaciones, entre ellas el FPR, al considerar que sus dirigentes e integrantes podr\u00edan encontrarse en riesgo, tras el ataque armado del pasado 24 de agosto en el que perdi\u00f3 la vida uno de sus l\u00edderes y otra persona m\u00e1s result\u00f3 con lesiones, y evitar con ello, violaciones a sus derechos humanos.<\/p>\n\n\n\n<p>Se pronunci\u00f3 adem\u00e1s por el respeto y reconocimiento al trabajo de las personas defensoras de derechos humanos, activistas, colectivas y l\u00edderes sociales, adem\u00e1s de alertar que ante el contexto de pandemia por Covid-19, este sector se encuentra doblemente expuesto.<\/p>\n\n\n\n<p>Hizo un llamado a las autoridades encargadas de la procuraci\u00f3n y administraci\u00f3n de justicia para esclarecer a la brevedad los casos, mediante una investigaci\u00f3n exhaustiva, que incluya la posible relaci\u00f3n con su labor de defensa de los derechos humanos y permita llevar a los responsables ante la justicia.<\/p>\n\n\n\n<p>\u201cPara la DDHPO, la impunidad, las amenazas y agresiones contra quienes defienden los derechos humanos, fomentan la repetici\u00f3n de estos terribles hechos\u201d, por lo que solicit\u00f3 investigarlos de manera pronta y diligentemente, considerando en las investigaciones la labor de defensa de los derechos humanos.<\/p>\n\n\n\n<p>Y pidi\u00f3 a las autoridades de los tres niveles de gobierno, adoptar medidas para garantizar un ambiente propicio para el ejercicio de la defensa de los derechos humanos, y el activismo social, incluida la protecci\u00f3n y la prevenci\u00f3n de las agresiones, siendo el combate a la impunidad, la investigaci\u00f3n, juzgamiento y sanci\u00f3n de los responsables de las agresiones, las principales medidas preventivas.<\/p>\n","protected":false},"excerpt":{"rendered":"<p>Redacci\u00f3n\/Zona Roja. Oaxaca de Ju\u00e1rez, Oax., 23 de septiembre de 2020.- En los \u00faltimos tres&hellip;<\/p>\n","protected":false},"author":2,"featured_media":17934,"comment_status":"closed","ping_status":"open","sticky":false,"template":"","format":"standard","meta":{"_lmt_disableupdate":"","_lmt_disable":"","_jetpack_memberships_contains_paid_content":false,"footnotes":""},"categories":[109,47],"tags":[286],"class_list":["post-17932","post","type-post","status-publish","format-standard","has-post-thumbnail","hentry","category-minuto-a-minuto","category-zona-gris","tag-defensoria-de-los-derechos-humanos-del-pueblo-de-oaxaca"],"jetpack_featured_media_url":"https:\/\/zonaroja.com.mx\/wp-content\/uploads\/2020\/09\/b8b18b27-cb36-4341-9f0f-01f354f4fa8e.jpg","jetpack_sharing_enabled":true,"_links":{"self":[{"href":"https:\/\/zonaroja.com.mx\/index.php?rest_route=\/wp\/v2\/posts\/17932","targetHints":{"allow":["GET"]}}],"collection":[{"href":"https:\/\/zonaroja.com.mx\/index.php?rest_route=\/wp\/v2\/posts"}],"about":[{"href":"https:\/\/zonaroja.com.mx\/index.php?rest_route=\/wp\/v2\/types\/post"}],"author":[{"embeddable":true,"href":"https:\/\/zonaroja.com.mx\/index.php?rest_route=\/wp\/v2\/users\/2"}],"replies":[{"embeddable":true,"href":"https:\/\/zonaroja.com.mx\/index.php?rest_route=%2Fwp%2Fv2%2Fcomments&post=17932"}],"version-history":[{"count":1,"href":"https:\/\/zonaroja.com.mx\/index.php?rest_route=\/wp\/v2\/posts\/17932\/revisions"}],"predecessor-version":[{"id":17933,"href":"https:\/\/zonaroja.com.mx\/index.php?rest_route=\/wp\/v2\/posts\/17932\/revisions\/17933"}],"wp:featuredmedia":[{"embeddable":true,"href":"https:\/\/zonaroja.com.mx\/index.php?rest_route=\/wp\/v2\/media\/17934"}],"wp:attachment":[{"href":"https:\/\/zonaroja.com.mx\/index.php?rest_route=%2Fwp%2Fv2%2Fmedia&parent=17932"}],"wp:term":[{"taxonomy":"category","embeddable":true,"href":"https:\/\/zonaroja.com.mx\/index.php?rest_route=%2Fwp%2Fv2%2Fcategories&post=17932"},{"taxonomy":"post_tag","embeddable":true,"href":"https:\/\/zonaroja.com.mx\/index.php?rest_route=%2Fwp%2Fv2%2Ftags&post=17932"}],"curies":[{"name":"wp","href":"https:\/\/api.w.org\/{rel}","templated":true}]}}