{"id":17936,"date":"2020-09-23T13:49:08","date_gmt":"2020-09-23T18:49:08","guid":{"rendered":"https:\/\/www.zonaroja.com.mx\/?p=17936"},"modified":"2020-09-23T13:49:10","modified_gmt":"2020-09-23T18:49:10","slug":"comunidad-medica-reitera-rechazo-al-aborto-dice-no-a-la-practica-en-clinicas-particulares","status":"publish","type":"post","link":"https:\/\/zonaroja.com.mx\/?p=17936","title":{"rendered":"Comunidad m\u00e9dica reitera rechazo al aborto; dice no a la pr\u00e1ctica en cl\u00ednicas particulares"},"content":{"rendered":"\n<p class=\"MsoNormal\">Yuridiana Sosa\/Zona Roja. <\/p>\n\n\n\n<p class=\"MsoNormal\">Oaxaca de Ju\u00e1rez, Oax., 23 de septiembre de 2020.- Personal m\u00e9dico adherido a distintos movimientos sociales contra el aborto, se manifest\u00f3 nuevamente a la puerta del Congreso del Estado de Oaxaca, en rechazo a modificaciones a la Ley Estatal de Salud para facilitar la pr\u00e1ctica en hospitales privados.<\/p>\n\n\n\n<p class=\"MsoNormal\">Con la reforma, apuntaron, se pretende establecer las bases para que el Gobierno del Estado realice convenios con instituciones hospitalarias privadas para financiar los abortos desde esos centros m\u00e9dicos para garantizar en un menor tiempo la pr\u00e1ctica para todas las mujeres que as\u00ed lo soliciten.<\/p>\n\n\n\n<p class=\"MsoNormal\">Adem\u00e1s, calificaron como indignante e irresponsable que tambi\u00e9n se pretenda capacitar a las parteras comunitarias para la pr\u00e1ctica legal del embarazo.<\/p>\n\n\n\n<p class=\"MsoNormal\">A casi un a\u00f1o de aprobarse la despenalizaci\u00f3n del aborto en Oaxaca, a cumplirse este&nbsp;<a href=\"\/\/1\">25 de septiembre<\/a>, los m\u00e9dicos reiteraron su rechazo a esta pr\u00e1ctica, la cual, aseguraron, encuestas revelan que la mayor\u00eda de la poblaci\u00f3n tambi\u00e9n desaprueba.<\/p>\n\n\n\n<p class=\"MsoNormal\">\u201cEn su mayor\u00eda defienden la vida. Est\u00e1n contra el aborto, es un crimen contra un ser humano que no puede defenderse pero que desde su concepci\u00f3n ya es un ser viviente con individualidad y caracter\u00edsticas propias como lo demuestran las disciplinas cient\u00edficas en la actualidad, pero que los promotores del aborto descalifican menos preciando la vida\u201d, expresaron.<\/p>\n","protected":false},"excerpt":{"rendered":"<p>Yuridiana Sosa\/Zona Roja. Oaxaca de Ju\u00e1rez, Oax., 23 de septiembre de 2020.- Personal m\u00e9dico adherido&hellip;<\/p>\n","protected":false},"author":2,"featured_media":17935,"comment_status":"closed","ping_status":"open","sticky":false,"template":"","format":"standard","meta":{"_lmt_disableupdate":"","_lmt_disable":"","_jetpack_memberships_contains_paid_content":false,"footnotes":""},"categories":[109,47],"tags":[],"class_list":["post-17936","post","type-post","status-publish","format-standard","has-post-thumbnail","hentry","category-minuto-a-minuto","category-zona-gris"],"jetpack_featured_media_url":"https:\/\/zonaroja.com.mx\/wp-content\/uploads\/2020\/09\/7dee2f78-307d-4261-81e2-e11cb74eebff.jpg","jetpack_sharing_enabled":true,"_links":{"self":[{"href":"https:\/\/zonaroja.com.mx\/index.php?rest_route=\/wp\/v2\/posts\/17936","targetHints":{"allow":["GET"]}}],"collection":[{"href":"https:\/\/zonaroja.com.mx\/index.php?rest_route=\/wp\/v2\/posts"}],"about":[{"href":"https:\/\/zonaroja.com.mx\/index.php?rest_route=\/wp\/v2\/types\/post"}],"author":[{"embeddable":true,"href":"https:\/\/zonaroja.com.mx\/index.php?rest_route=\/wp\/v2\/users\/2"}],"replies":[{"embeddable":true,"href":"https:\/\/zonaroja.com.mx\/index.php?rest_route=%2Fwp%2Fv2%2Fcomments&post=17936"}],"version-history":[{"count":1,"href":"https:\/\/zonaroja.com.mx\/index.php?rest_route=\/wp\/v2\/posts\/17936\/revisions"}],"predecessor-version":[{"id":17937,"href":"https:\/\/zonaroja.com.mx\/index.php?rest_route=\/wp\/v2\/posts\/17936\/revisions\/17937"}],"wp:featuredmedia":[{"embeddable":true,"href":"https:\/\/zonaroja.com.mx\/index.php?rest_route=\/wp\/v2\/media\/17935"}],"wp:attachment":[{"href":"https:\/\/zonaroja.com.mx\/index.php?rest_route=%2Fwp%2Fv2%2Fmedia&parent=17936"}],"wp:term":[{"taxonomy":"category","embeddable":true,"href":"https:\/\/zonaroja.com.mx\/index.php?rest_route=%2Fwp%2Fv2%2Fcategories&post=17936"},{"taxonomy":"post_tag","embeddable":true,"href":"https:\/\/zonaroja.com.mx\/index.php?rest_route=%2Fwp%2Fv2%2Ftags&post=17936"}],"curies":[{"name":"wp","href":"https:\/\/api.w.org\/{rel}","templated":true}]}}