{"id":17939,"date":"2020-09-23T14:49:30","date_gmt":"2020-09-23T19:49:30","guid":{"rendered":"https:\/\/www.zonaroja.com.mx\/?p=17939"},"modified":"2020-09-23T14:49:33","modified_gmt":"2020-09-23T19:49:33","slug":"enfermero-tuxtepecano-es-reconocido-por-gobierno-de-mexico-por-su-labor-ante-covid","status":"publish","type":"post","link":"https:\/\/zonaroja.com.mx\/?p=17939","title":{"rendered":"Enfermero tuxtepecano es reconocido por gobierno de M\u00e9xico por su labor ante Covid"},"content":{"rendered":"\n<p class=\"MsoNormal\">Yuridiana Sosa\/Zona Roja. <\/p>\n\n\n\n<p class=\"MsoNormal\">Oaxaca de Ju\u00e1rez, Oax., 23 de septiembre de 2020.- Por su dedicaci\u00f3n, esfuerzo y compromiso con su labor, el enfermero oaxaque\u00f1o Gonzalo Mart\u00ednez Mariano, recibi\u00f3 la Condecoraci\u00f3n Miguel Hidalgo 2020, que premia al personal de salud que ha ayudado a combatir el Covid-19.<\/p>\n\n\n\n<p class=\"MsoNormal\">El enfermero originario de San Juan Bautista Tuxtepec, form\u00f3 parte del grupo de 58 integrantes del sector salud a nivel nacional que el pasado 16 de septiembre fue reconocido por el gobierno mexicano con presea m\u00e1s alta que otorga para premiar m\u00e9ritos eminentes o distinguidos.<\/p>\n\n\n\n<p class=\"MsoNormal\">En agosto, las instituciones p\u00fablicas del sector salud en M\u00e9xico lanzaron la convocatoria para los trabajadores que han sido part\u00edcipes de la atenci\u00f3n del nuevo coronavirus, en la que podr\u00edan postularse personal m\u00e9dico y de enfermer\u00eda en todos los niveles que hayan colaborado de manera directa en la atenci\u00f3n cl\u00ednica de los pacientes con Covid-19 en los hospitales Covid registrados en la Red de Infecci\u00f3n Respiratoria Aguda Grave (IRAG).<\/p>\n\n\n\n<p class=\"MsoNormal\">O tambi\u00e9n en atenci\u00f3n cl\u00ednica dentro de los nosocomios Covid denominados de \u201cAlta Productividad\u201d; as\u00ed como personal que trabaj\u00f3 en los Hospitales Covid en cualquier \u00e1rea y haya colaborado de manera directa o indirecta a la atenci\u00f3n de pacientes Covid, sin importar el tipo de contrataci\u00f3n.<\/p>\n\n\n\n<p class=\"MsoNormal\">A trav\u00e9s de una entrevista para Canal TVBus Noticias, el enfermero con especialidad en Cardiolog\u00eda, destac\u00f3 las jornadas intensas de trabajo en las \u00e1reas Covid, por lo que agradeci\u00f3 a familiares de pacientes, pacientes y compa\u00f1eros que apoyaron su nominaci\u00f3n para recibir esta distinci\u00f3n. <\/p>\n\n\n\n<p class=\"MsoNormal\">\u201cMe siento complacido de servir a nuestro pa\u00eds y a nuestro estado\u201d, indic\u00f3 Mart\u00ednez Mariano, enfermero del Hospital Regional de Alta Especialidad de Oaxaca y en el Hospital de la Secretar\u00eda de la Defensa Nacional (Sedena)<\/p>\n\n\n\n<p class=\"MsoNormal\">Durante su trayectoria de m\u00e1s de 14 a\u00f1os fund\u00f3 la Sociedad de Diplomados de Alta Especialidad Cl\u00ednica de Oaxaca (SDAEC) y es orgullosamente egresado del Colegio Nacional de Educaci\u00f3n Profesional T\u00e9cnica (Conalep) plantel Tuxtepec, en la regi\u00f3n Cuenca.<\/p>\n\n\n\n<p class=\"MsoNormal\">El joven llam\u00f3 a la poblaci\u00f3n a mantener los cuidados de higiene necesarios para evitar el contagio de SARS-Cov-2, pues en la entidad a\u00fan se mantiene la alerta naranja del sem\u00e1foro epidemiol\u00f3gico. <\/p>\n","protected":false},"excerpt":{"rendered":"<p>Yuridiana Sosa\/Zona Roja. Oaxaca de Ju\u00e1rez, Oax., 23 de septiembre de 2020.- Por su dedicaci\u00f3n,&hellip;<\/p>\n","protected":false},"author":2,"featured_media":17938,"comment_status":"closed","ping_status":"open","sticky":false,"template":"","format":"standard","meta":{"_lmt_disableupdate":"","_lmt_disable":"","_jetpack_memberships_contains_paid_content":false,"footnotes":""},"categories":[109,46],"tags":[],"class_list":["post-17939","post","type-post","status-publish","format-standard","has-post-thumbnail","hentry","category-minuto-a-minuto","category-zona-blanca"],"jetpack_featured_media_url":"https:\/\/zonaroja.com.mx\/wp-content\/uploads\/2020\/09\/9a93c6b6-026c-4850-b2a0-31b13608c7f2.jpg","jetpack_sharing_enabled":true,"_links":{"self":[{"href":"https:\/\/zonaroja.com.mx\/index.php?rest_route=\/wp\/v2\/posts\/17939","targetHints":{"allow":["GET"]}}],"collection":[{"href":"https:\/\/zonaroja.com.mx\/index.php?rest_route=\/wp\/v2\/posts"}],"about":[{"href":"https:\/\/zonaroja.com.mx\/index.php?rest_route=\/wp\/v2\/types\/post"}],"author":[{"embeddable":true,"href":"https:\/\/zonaroja.com.mx\/index.php?rest_route=\/wp\/v2\/users\/2"}],"replies":[{"embeddable":true,"href":"https:\/\/zonaroja.com.mx\/index.php?rest_route=%2Fwp%2Fv2%2Fcomments&post=17939"}],"version-history":[{"count":1,"href":"https:\/\/zonaroja.com.mx\/index.php?rest_route=\/wp\/v2\/posts\/17939\/revisions"}],"predecessor-version":[{"id":17940,"href":"https:\/\/zonaroja.com.mx\/index.php?rest_route=\/wp\/v2\/posts\/17939\/revisions\/17940"}],"wp:featuredmedia":[{"embeddable":true,"href":"https:\/\/zonaroja.com.mx\/index.php?rest_route=\/wp\/v2\/media\/17938"}],"wp:attachment":[{"href":"https:\/\/zonaroja.com.mx\/index.php?rest_route=%2Fwp%2Fv2%2Fmedia&parent=17939"}],"wp:term":[{"taxonomy":"category","embeddable":true,"href":"https:\/\/zonaroja.com.mx\/index.php?rest_route=%2Fwp%2Fv2%2Fcategories&post=17939"},{"taxonomy":"post_tag","embeddable":true,"href":"https:\/\/zonaroja.com.mx\/index.php?rest_route=%2Fwp%2Fv2%2Ftags&post=17939"}],"curies":[{"name":"wp","href":"https:\/\/api.w.org\/{rel}","templated":true}]}}