{"id":17942,"date":"2020-09-23T17:04:23","date_gmt":"2020-09-23T22:04:23","guid":{"rendered":"http:\/\/www.zonaroja.com.mx\/?p=17942"},"modified":"2020-09-23T17:04:51","modified_gmt":"2020-09-23T22:04:51","slug":"marchas-y-protestas-evidencian-nuevamente-desatenciones-del-gobierno","status":"publish","type":"post","link":"https:\/\/zonaroja.com.mx\/?p=17942","title":{"rendered":"Marchas y protestas evidencian nuevamente desatenciones del gobierno"},"content":{"rendered":"\n<p>Yuridiana Sosa\/Zona Roja.<\/p>\n\n\n\n<p>Oaxaca de Ju\u00e1rez, Oax., 23 de septiembre de 2020.- Con marchas, bloqueos y \u201cplantones\u201d, diversas organizaciones sociales arrecian manifestaciones en Oaxaca, en medio de la contingencia por Covid-19, para exigir atenci\u00f3n del gobierno estatal a sus demandas de car\u00e1cter social y justicia.<\/p>\n\n\n\n<p>La organizaci\u00f3n \u201cSol Rojo\u201d realiz\u00f3 una marcha, un bloqueo vial y un mitin frente a Casa Oficial, en el Centro Hist\u00f3rico de Oaxaca, para denunciar la apat\u00eda del gobierno para resolver sus demandas, as\u00ed como sus integrantes en la regi\u00f3n Cuenca bloquearon la carretera federal 175, Tuxtepec-Valle Nacional.<\/p>\n\n\n\n<p>Entre la serie de peticiones, la agrupaci\u00f3n indic\u00f3 nulos avances en las investigaciones para procura justicia por el asesinato de Luis Armando, ocurrido en abril de 2019 y para la localizaci\u00f3n de su compa\u00f1ero Ernesto Cernas Garc\u00eda, desaparecido en mayo de 2018.<\/p>\n\n\n\n<p>Mencion\u00f3 el desinter\u00e9s para garantizar las condiciones de retorno para los habitantes desplazados de San Miguel Copala, a 10 a\u00f1os de su exilio en la capital; exigi\u00f3 la cancelaci\u00f3n de la subestaci\u00f3n el\u00e9ctrica en San Blas Atempa, pues se instal\u00f3 con consulta previa e informada, afectado a los ind\u00edgenas de la zona.<\/p>\n\n\n\n<p>Los manifestantes se desplazaron de la fuente de las Ocho Regiones con destino a Casa Oficial, en avenida Ju\u00e1rez. En su trayecto bloquearon por varios minutos el crucero de calzada Porfirio D\u00ecaz y H\u00e9roes de Chapultepec, afectando la circulaci\u00f3n sobre la carretera Internacional 190.<\/p>\n\n\n\n<figure class=\"wp-block-image size-large\"><img decoding=\"async\" width=\"1024\" height=\"461\" src=\"http:\/\/www.zonaroja.com.mx\/wp-content\/uploads\/2020\/09\/Bloqueo-Conalep-ciudad-de-Oaxaca-1024x461.jpg\" alt=\"\" class=\"wp-image-17943\" srcset=\"https:\/\/zonaroja.com.mx\/wp-content\/uploads\/2020\/09\/Bloqueo-Conalep-ciudad-de-Oaxaca-1024x461.jpg 1024w, https:\/\/zonaroja.com.mx\/wp-content\/uploads\/2020\/09\/Bloqueo-Conalep-ciudad-de-Oaxaca-300x135.jpg 300w, https:\/\/zonaroja.com.mx\/wp-content\/uploads\/2020\/09\/Bloqueo-Conalep-ciudad-de-Oaxaca-768x346.jpg 768w, https:\/\/zonaroja.com.mx\/wp-content\/uploads\/2020\/09\/Bloqueo-Conalep-ciudad-de-Oaxaca-1170x527.jpg 1170w, https:\/\/zonaroja.com.mx\/wp-content\/uploads\/2020\/09\/Bloqueo-Conalep-ciudad-de-Oaxaca-585x263.jpg 585w, https:\/\/zonaroja.com.mx\/wp-content\/uploads\/2020\/09\/Bloqueo-Conalep-ciudad-de-Oaxaca.jpg 1280w\" sizes=\"(max-width: 1024px) 100vw, 1024px\" \/><\/figure>\n\n\n\n<p>TAMBI\u00c9N EN REGIONES<\/p>\n\n\n\n<p>Este mi\u00e9rcoles tambi\u00e9n se manifestaron integrantes del Consejo del Transporte de Huajuapan (CTH), quienes se unieron al \u201cplant\u00f3n\u201d que instal\u00f3 el Frente Popular \u201c14 de Junio\u201d, para demandar un alto a la persecuci\u00f3n de l\u00edderes sociales.<\/p>\n\n\n\n<p>A estas protestas se suma la existente del Frente Nacional Ind\u00edgena y Campesina (FNIC), que comenz\u00f3 desde ayer un \u201cplant\u00f3n\u201d el z\u00f3calo, a pesar de estar cerrado el acceso tras la ca\u00edda de dos laureles en el sitio.<\/p>\n\n\n\n<p>Por otra parte, trabajadores del Colegio Nacional de Educaci\u00f3n Profesional (Conalep), bloquean la avenida Independencia en el Centro Hist\u00f3rico de la ciudad de Oaxaca, en inconformidad a la suspensi\u00f3n de una mesa de trabajo que se realizar\u00eda este d\u00eda para exponer sus demandas laborales e irregularidades en distintos planteles.<\/p>\n\n\n\n<p>En el interior del estado tambi\u00e9n se realizan movilizaciones, como es el caso de la Mixteca, donde taxistas bloquean oficinas administrativas de gobierno en Huajuapan de Le\u00f3n.<\/p>\n\n\n\n<p>En la regi\u00f3n del Istmo, hay cierre de carreteras en al menos cuatro puntos, afectando el tr\u00e1nsito hacia el estado de Chiapas, tambi\u00e9n por parte de \u201cSol Rojo\u201d.<\/p>\n\n\n\n<p>Los bloqueos se encontraban hasta las 16:00 horas a la entrada de Tehuantepec y otro en el acceso a la supercarretera a La Ventosa, uno m\u00e1s en inmediaciones de Salina Cruz y otro en el tramo La Ventosa-San Pedro Tapanatepec.<\/p>\n","protected":false},"excerpt":{"rendered":"<p>Yuridiana Sosa\/Zona Roja. Oaxaca de Ju\u00e1rez, Oax., 23 de septiembre de 2020.- Con marchas, bloqueos&hellip;<\/p>\n","protected":false},"author":2,"featured_media":17944,"comment_status":"closed","ping_status":"open","sticky":false,"template":"","format":"standard","meta":{"_lmt_disableupdate":"","_lmt_disable":"","_jetpack_memberships_contains_paid_content":false,"footnotes":""},"categories":[109,47],"tags":[2041],"class_list":["post-17942","post","type-post","status-publish","format-standard","has-post-thumbnail","hentry","category-minuto-a-minuto","category-zona-gris","tag-organizacion-sol-rojo"],"jetpack_featured_media_url":"https:\/\/zonaroja.com.mx\/wp-content\/uploads\/2020\/09\/BLoqueo-Sol-Rojo-ciudad-de-Oaxaca.jpg","jetpack_sharing_enabled":true,"_links":{"self":[{"href":"https:\/\/zonaroja.com.mx\/index.php?rest_route=\/wp\/v2\/posts\/17942","targetHints":{"allow":["GET"]}}],"collection":[{"href":"https:\/\/zonaroja.com.mx\/index.php?rest_route=\/wp\/v2\/posts"}],"about":[{"href":"https:\/\/zonaroja.com.mx\/index.php?rest_route=\/wp\/v2\/types\/post"}],"author":[{"embeddable":true,"href":"https:\/\/zonaroja.com.mx\/index.php?rest_route=\/wp\/v2\/users\/2"}],"replies":[{"embeddable":true,"href":"https:\/\/zonaroja.com.mx\/index.php?rest_route=%2Fwp%2Fv2%2Fcomments&post=17942"}],"version-history":[{"count":2,"href":"https:\/\/zonaroja.com.mx\/index.php?rest_route=\/wp\/v2\/posts\/17942\/revisions"}],"predecessor-version":[{"id":17946,"href":"https:\/\/zonaroja.com.mx\/index.php?rest_route=\/wp\/v2\/posts\/17942\/revisions\/17946"}],"wp:featuredmedia":[{"embeddable":true,"href":"https:\/\/zonaroja.com.mx\/index.php?rest_route=\/wp\/v2\/media\/17944"}],"wp:attachment":[{"href":"https:\/\/zonaroja.com.mx\/index.php?rest_route=%2Fwp%2Fv2%2Fmedia&parent=17942"}],"wp:term":[{"taxonomy":"category","embeddable":true,"href":"https:\/\/zonaroja.com.mx\/index.php?rest_route=%2Fwp%2Fv2%2Fcategories&post=17942"},{"taxonomy":"post_tag","embeddable":true,"href":"https:\/\/zonaroja.com.mx\/index.php?rest_route=%2Fwp%2Fv2%2Ftags&post=17942"}],"curies":[{"name":"wp","href":"https:\/\/api.w.org\/{rel}","templated":true}]}}