{"id":17947,"date":"2020-09-23T17:27:24","date_gmt":"2020-09-23T22:27:24","guid":{"rendered":"http:\/\/www.zonaroja.com.mx\/?p=17947"},"modified":"2020-09-23T17:27:28","modified_gmt":"2020-09-23T22:27:28","slug":"confirma-profeco-que-11-empleados-contrajeron-covid-reabriran-oficinas-en-un-mes","status":"publish","type":"post","link":"https:\/\/zonaroja.com.mx\/?p=17947","title":{"rendered":"Confirma Profeco que 11 empleados contrajeron Covid; reabrir\u00e1n oficinas en un mes"},"content":{"rendered":"\n<p>Redacci\u00f3n\/Zona Roja.<\/p>\n\n\n\n<p>Oaxaca de Ju\u00e1rez, Oax., 23 de septiembre de 2020.- La oficina Oaxaca de la Procuradur\u00eda Federal del Consumidor (Profeco) confirm\u00f3 hoy que 11 trabajadores, entre ellos la delegada Lourdes Santiago, contrajeron Covid-19.<\/p>\n\n\n\n<p>Por ello, ser\u00e1 hasta el 28 de octubre en que se reabran las oficinas al p\u00fablico de manera gradual, a pesar de que ocho ya fueron dadas de alta.<\/p>\n\n\n\n<p>En un comunicado de prensa, inform\u00f3 que entre el 26 y 27 de agosto, tres trabajadores fueron diagnosticados positivos a Covid, \u201cy a efecto de contener la proliferaci\u00f3n del contagio\u201d se gestion\u00f3 ante el ISSSTE pruebas al personal resultando positivos cinco m\u00e1s\u201d.<\/p>\n\n\n\n<p>Expuso que entre el personal que se mantuvo activo, atendiendo los asuntos indispensables, se encuentra la directora Lourdes Santiago, quien posteriormente el 15 de septiembre fue diagnosticada como positivo junto con dos personas m\u00e1s de su equipo de trabajo, iniciando el inmediato aislamiento y trabajo en casa.<\/p>\n\n\n\n<p>\u201cHasta el momento, de las 11 personas diagnosticados como positivos, ocho fueron ya dadas de alta por el ISSSTE y tres se encuentran en la fase de catorce d\u00edas de aislamiento y cuya salud est\u00e1 siendo monitoreada para la atenci\u00f3n, entre ellos la de su directora\u201d, expuso.<\/p>\n\n\n\n<p>A\u00f1adi\u00f3 que a esta fecha, el edificio de la Profeco con sede en la colonia Reforma de Oaxaca de Ju\u00e1rez, ha sido sanitizado y la mayor\u00eda del personal se encuentra en condiciones de continuar sus labores.<\/p>\n\n\n\n<p>\u201cSin embargo, a efecto de salvaguardar la salud de trabajadores y de las personas usuarias de los servicios de la Profeco, la direcci\u00f3n determin\u00f3 mantener el aislamiento de todos los trabajadores hasta el 28 de octubre y, a partir de esa fecha, iniciar la reincorporaci\u00f3n escalonada de las actividades con el acompa\u00f1amiento estrecho de las autoridades sanitarias\u201d.<\/p>\n","protected":false},"excerpt":{"rendered":"<p>Redacci\u00f3n\/Zona Roja. Oaxaca de Ju\u00e1rez, Oax., 23 de septiembre de 2020.- La oficina Oaxaca de&hellip;<\/p>\n","protected":false},"author":2,"featured_media":17695,"comment_status":"closed","ping_status":"open","sticky":false,"template":"","format":"standard","meta":{"_lmt_disableupdate":"","_lmt_disable":"","_jetpack_memberships_contains_paid_content":false,"footnotes":""},"categories":[109,47],"tags":[991],"class_list":["post-17947","post","type-post","status-publish","format-standard","has-post-thumbnail","hentry","category-minuto-a-minuto","category-zona-gris","tag-procuraduria-federal-del-consumidor-profeco"],"jetpack_featured_media_url":"https:\/\/zonaroja.com.mx\/wp-content\/uploads\/2020\/09\/Oficinas-Profeco-Oaxaca-2.jpg","jetpack_sharing_enabled":true,"_links":{"self":[{"href":"https:\/\/zonaroja.com.mx\/index.php?rest_route=\/wp\/v2\/posts\/17947","targetHints":{"allow":["GET"]}}],"collection":[{"href":"https:\/\/zonaroja.com.mx\/index.php?rest_route=\/wp\/v2\/posts"}],"about":[{"href":"https:\/\/zonaroja.com.mx\/index.php?rest_route=\/wp\/v2\/types\/post"}],"author":[{"embeddable":true,"href":"https:\/\/zonaroja.com.mx\/index.php?rest_route=\/wp\/v2\/users\/2"}],"replies":[{"embeddable":true,"href":"https:\/\/zonaroja.com.mx\/index.php?rest_route=%2Fwp%2Fv2%2Fcomments&post=17947"}],"version-history":[{"count":1,"href":"https:\/\/zonaroja.com.mx\/index.php?rest_route=\/wp\/v2\/posts\/17947\/revisions"}],"predecessor-version":[{"id":17948,"href":"https:\/\/zonaroja.com.mx\/index.php?rest_route=\/wp\/v2\/posts\/17947\/revisions\/17948"}],"wp:featuredmedia":[{"embeddable":true,"href":"https:\/\/zonaroja.com.mx\/index.php?rest_route=\/wp\/v2\/media\/17695"}],"wp:attachment":[{"href":"https:\/\/zonaroja.com.mx\/index.php?rest_route=%2Fwp%2Fv2%2Fmedia&parent=17947"}],"wp:term":[{"taxonomy":"category","embeddable":true,"href":"https:\/\/zonaroja.com.mx\/index.php?rest_route=%2Fwp%2Fv2%2Fcategories&post=17947"},{"taxonomy":"post_tag","embeddable":true,"href":"https:\/\/zonaroja.com.mx\/index.php?rest_route=%2Fwp%2Fv2%2Ftags&post=17947"}],"curies":[{"name":"wp","href":"https:\/\/api.w.org\/{rel}","templated":true}]}}